{"id":11030,"date":"2025-04-11T17:21:30","date_gmt":"2025-04-11T17:21:30","guid":{"rendered":"https:\/\/parafiabesko.pl\/?p=11030"},"modified":"2025-04-11T17:21:30","modified_gmt":"2025-04-11T17:21:30","slug":"intencje-mszalne-14-20-04-2025r","status":"publish","type":"post","link":"https:\/\/parafiabesko.pl\/?p=11030","title":{"rendered":"Intencje mszalne 14-20.04.2025r"},"content":{"rendered":"<table border=\"\">\n<tbody>\n<tr>\n<td colspan=\"3\" width=\"695\">\n<h3 style=\"text-align: center;\"><strong>AD 2025<\/strong><\/h3>\n<h3 style=\"text-align: center;\"><strong>Wieki Tydzie\u0144<\/strong><\/h3>\n<h3 style=\"text-align: center;\"><strong>14-20.04.2025r.<\/strong><\/h3>\n<\/td>\n<\/tr>\n<tr>\n<td width=\"166\">\n<h3><strong>Wielki<\/strong><\/h3>\n<h3><strong>Poniedzia\u0142ek<\/strong><\/h3>\n<h3><strong>14.04.2025r.<\/strong><\/h3>\n<h3><\/h3>\n<\/td>\n<td width=\"71\">\n<h3><strong>7.00<\/strong><\/h3>\n<\/td>\n<td width=\"457\">\n<h3>1. +Michalina, Stanis\u0142awa, Stanis\u0142aw<\/h3>\n<h3>2. +Jan<\/h3>\n<h3>3. +Jolanta, J\u00f3zef Trojanowscy , Tadeusz Modliszewski \/poza Parafi\u0105\/<\/h3>\n<\/td>\n<\/tr>\n<tr>\n<td width=\"166\">\n<h3><strong>Wielki<\/strong><\/h3>\n<h3><strong>Wtorek<\/strong><\/h3>\n<h3><strong>15.04.2025r.<\/strong><\/h3>\n<\/td>\n<td width=\"71\">\n<h3><strong>7.00<\/strong><\/h3>\n<\/td>\n<td width=\"457\">\n<h3>1. +J\u00f3zef\u0119 J\u00f3zefczyk<\/h3>\n<h3>2. +J\u00f3zef Rybicki \/22 r. \u015bm.\/, Jan, Tekla<\/h3>\n<h3>3. +Maria, J\u00f3zef, Jan \/poza Parafi\u0105\/<\/h3>\n<\/td>\n<\/tr>\n<tr>\n<td width=\"166\">\n<h3><strong>Wielka<\/strong><\/h3>\n<h3><strong>\u015aroda<\/strong><\/h3>\n<h3><strong>16.04.2025r.<\/strong><\/h3>\n<\/td>\n<td width=\"71\">\n<h3><strong>7.00<\/strong><\/h3>\n<\/td>\n<td width=\"457\">\n<h3>1. +Barbara Skubel \/16 r. \u015bm.\/, J\u00f3zef<\/h3>\n<h3>2. +Robert Czy\u017c \/2 r. \u015bm.\/ i zmarli rodzice<\/h3>\n<h3>3. +Stefani\u0119, Stanis\u0142aw, Zdzis\u0142aw \/poza Parafi\u0105\/<\/h3>\n<\/td>\n<\/tr>\n<tr>\n<td width=\"166\">\n<h3><strong>Wielki<\/strong><\/h3>\n<h3><strong>Czwartek<\/strong><\/h3>\n<h3><strong>17.04.2025r.<\/strong><\/h3>\n<\/td>\n<td width=\"71\">\n<h3><strong>18.00<\/strong><\/h3>\n<\/td>\n<td width=\"457\">\n<h3>1. \u2013Za kap\u0142an\u00f3w pos\u0142uguj\u0105cych w naszej Parafii<\/h3>\n<h3>2. +Ks. Szczepan Semenowicz<\/h3>\n<h3>3. \u2013O nowe powo\u0142ania kap\u0142a\u0144skie \/poza Parafi\u0105\/<\/h3>\n<\/td>\n<\/tr>\n<tr>\n<td width=\"166\">\n<h3><strong>Wielki<\/strong><\/h3>\n<h3><strong>Pi\u0105tek<\/strong><\/h3>\n<h3><strong>18.04.2025r.<\/strong><\/h3>\n<\/td>\n<td width=\"71\">\n<h3><strong>19.00<\/strong><\/h3>\n<\/td>\n<td width=\"457\">\n<h3><strong>Liturgia M\u0119ki Pa\u0144skiej<\/strong><\/h3>\n<\/td>\n<\/tr>\n<tr>\n<td width=\"166\">\n<h3><strong>Wielka<\/strong><\/h3>\n<h3><strong>Sobota<\/strong><\/h3>\n<h3><strong>19.04.2025r.<\/strong><\/h3>\n<\/td>\n<td width=\"71\">\n<h3><strong>19.00<\/strong><\/h3>\n<\/td>\n<td width=\"457\">\n<h3>1. \u2013O zdrowie i blog. Bo\u017ce dla rodziny<\/h3>\n<h3>2. +Leszek Jaworek \/20 r. \u015bm.\/<\/h3>\n<h3>3. +Boles\u0142aw Borkowski \/poza Parafi\u0105\/<\/h3>\n<\/td>\n<\/tr>\n<tr>\n<td rowspan=\"4\" width=\"166\">\n<h3><strong><u>Wielkanoc<\/u><\/strong><\/h3>\n<h3><strong>20.04.2025r.<\/strong><\/h3>\n<h3><strong>\u00a0<\/strong><\/h3>\n<h3><\/h3>\n<\/td>\n<td width=\"71\">\n<h3><strong>6.00<\/strong><\/h3>\n<\/td>\n<td width=\"457\">\n<h3><strong>Rezurekcja \u2013 za Parafian<\/strong><\/h3>\n<\/td>\n<\/tr>\n<tr>\n<td width=\"71\">\n<h3><strong>9.15<\/strong><\/h3>\n<\/td>\n<td width=\"457\">\n<h3>+Edward, \u0141ukasz, Stanis\u0142aw Chyna\u0142<\/h3>\n<\/td>\n<\/tr>\n<tr>\n<td width=\"71\">\n<h3><strong>11.00<\/strong><\/h3>\n<\/td>\n<td width=\"457\">\n<h3>+\u0141ukasz Nowak i zm. z rodziny<\/h3>\n<\/td>\n<\/tr>\n<tr>\n<td width=\"71\">\n<h3><strong>16.30<\/strong><\/h3>\n<\/td>\n<td width=\"457\">\n<h3>+Stanis\u0142aw Mularczyk \/2 r. \u015bm.\/<\/h3>\n<\/td>\n<\/tr>\n<\/tbody>\n<\/table>\n","protected":false},"excerpt":{"rendered":"<p>AD 2025 Wieki Tydzie\u0144 14-20.04.2025r. Wielki Poniedzia\u0142ek 14.04.2025r. 7.00 1. +Michalina, Stanis\u0142awa, Stanis\u0142aw 2. +Jan 3. +Jolanta, J\u00f3zef Trojanowscy , Tadeusz Modliszewski \/poza Parafi\u0105\/ Wielki Wtorek 15.04.2025r. 7.00 1. +J\u00f3zef\u0119 J\u00f3zefczyk 2. +J\u00f3zef Rybicki \/22 r. \u015bm.\/, Jan, Tekla 3. +Maria, J\u00f3zef, Jan \/poza Parafi\u0105\/ Wielka \u015aroda 16.04.2025r. 7.00 1.<span class=\"more-link\"><a href=\"https:\/\/parafiabesko.pl\/?p=11030\">Czytaj wi\u0119cej<\/a><\/span><\/p>\n","protected":false},"author":1,"featured_media":0,"comment_status":"closed","ping_status":"open","sticky":false,"template":"","format":"standard","meta":{"footnotes":""},"categories":[4,6],"tags":[],"class_list":["entry","author-adminparafiibesko","post-11030","post","type-post","status-publish","format-standard","category-intencje-mszalne","category-uncategorized"],"_links":{"self":[{"href":"https:\/\/parafiabesko.pl\/index.php?rest_route=\/wp\/v2\/posts\/11030","targetHints":{"allow":["GET"]}}],"collection":[{"href":"https:\/\/parafiabesko.pl\/index.php?rest_route=\/wp\/v2\/posts"}],"about":[{"href":"https:\/\/parafiabesko.pl\/index.php?rest_route=\/wp\/v2\/types\/post"}],"author":[{"embeddable":true,"href":"https:\/\/parafiabesko.pl\/index.php?rest_route=\/wp\/v2\/users\/1"}],"replies":[{"embeddable":true,"href":"https:\/\/parafiabesko.pl\/index.php?rest_route=%2Fwp%2Fv2%2Fcomments&post=11030"}],"version-history":[{"count":0,"href":"https:\/\/parafiabesko.pl\/index.php?rest_route=\/wp\/v2\/posts\/11030\/revisions"}],"wp:attachment":[{"href":"https:\/\/parafiabesko.pl\/index.php?rest_route=%2Fwp%2Fv2%2Fmedia&parent=11030"}],"wp:term":[{"taxonomy":"category","embeddable":true,"href":"https:\/\/parafiabesko.pl\/index.php?rest_route=%2Fwp%2Fv2%2Fcategories&post=11030"},{"taxonomy":"post_tag","embeddable":true,"href":"https:\/\/parafiabesko.pl\/index.php?rest_route=%2Fwp%2Fv2%2Ftags&post=11030"}],"curies":[{"name":"wp","href":"https:\/\/api.w.org\/{rel}","templated":true}]}}