{"id":11025,"date":"2025-04-05T13:19:21","date_gmt":"2025-04-05T13:19:21","guid":{"rendered":"https:\/\/parafiabesko.pl\/?p=11025"},"modified":"2025-04-05T13:19:21","modified_gmt":"2025-04-05T13:19:21","slug":"ogloszenia-parafialne-5-niedziela-wielkiego-postu-6-04-2025r","status":"publish","type":"post","link":"https:\/\/parafiabesko.pl\/?p=11025","title":{"rendered":"Og\u0142oszenia parafialne 5 Niedziela Wielkiego Postu 6.04.2025r."},"content":{"rendered":"<h3 style=\"text-align: center;\"><strong>5 Niedziela Wielkiego Postu<\/strong><\/h3>\n<h3 style=\"text-align: center;\"><strong>6.04.2025r.<\/strong><\/h3>\n<h3><\/h3>\n<h3>Dzisiaj w naszej Parafii <strong>Niedziela Adoracyjna, <\/strong>od godz. 12.00 do 16.00 prywatna adoracja rodzin naszej Parafii. O godz. 16.00 <strong>Gorzkie \u017cale <\/strong>i zmiana tajemnic, adoruje r\u00f3\u017ca Matki Ko\u015bcio\u0142a prze\u0142o\u017cona Stanis\u0142awa Strachocka w przysz\u0142\u0105 niedziel\u0119 adoruje r\u00f3\u017ca Niepokalanego Pocz\u0119cia NMP prze\u0142o\u017cona Bronis\u0142awa Ziemia\u0144ska.<\/h3>\n<h3>Dzisiaj taca przeznaczona jest na Wy\u017csze Seminarium Duchowne w Przemy\u015blu, a po Mszach \u015bw. zbi\u00f3rka do puszki na fundacj\u0119 \u201eWzrastanie\u201d.<\/h3>\n<h3>Dzisiaj po Mszach \u015bw. w zakrystii zg\u0142aszanie chorych do \u015bwi\u0119tej spowiedzi i komunii \u015bwi\u0119tej wielkanocnej. Chorych w domach b\u0119dziemy w Besku odwiedza\u0107 i udziela\u0107 tych \u015bwi\u0119tych sakrament\u00f3w jutro tj. w poniedzia\u0142ek w godz. od 8.00 do14.00.<\/h3>\n<h3><strong>W tym tygodniu w czwartek, pi\u0105tek i sobot\u0119 Mszy \u015bw. wieczorowej nie b\u0119dzie ze wzgl\u0119du na spowied\u017a przed \u015bwi\u0119tami wielkanocnymi w naszym dekanacie.<\/strong><\/h3>\n<h3>W pi\u0105tek <strong>Nabo\u017ce\u0144stwo Drogi krzy\u017cowej w Besku<\/strong> rano po Mszy \u015bw. o godz. 7.00, a po po\u0142udniu o godz.18.00 i Komunia \u015bw.<\/h3>\n<h3>W ko\u015bcio\u0142ach filialnych: <strong>Nabo\u017ce\u0144stwo Drogi krzy\u017cowej <\/strong>w Por\u0119bach o godz. 17.00 \u00a0w Mymoniu o godz. 18.00. Odprawiaj\u0105 sami Parafianie.<\/h3>\n<h3><strong>Spowied\u017a \u015bwi\u0119ta przed \u015bwi\u0119tami wielkanocnymi w naszej Parafii Besko b\u0119dzie w najbli\u017csz\u0105 sobot\u0119 12 kwietnia 2025 roku <\/strong>i tak w ko\u015bciele Besku przed po\u0142udniem od godz. 9.30 do 12.00, a po po\u0142udniu od godz.15.00 do 17.00. W ko\u015bcio\u0142ach filialnych w Mymoniu i w Por\u0119bach spowied\u017a \u015bwi\u0119ta b\u0119dzie w sobot\u0119 przed po\u0142udniem o godz. 10.00 i odwiedzenie chorych.<\/h3>\n<h3><strong>\u00a0Prosimy Parafian, aby nasi Parafianie w najbli\u017csz\u0105 sobot\u0119 przyst\u0105pili do \u015bwi\u0119tej spowiedzi wielkanocnej, spowiada\u0107 bowiem b\u0119d\u0105 wszyscy kap\u0142ani naszego dekanatu, \u00a0gdy\u017c w p\u00f3\u017aniejszym czasie okazji do spowiedzi b\u0119dzie niewiele.<\/strong><\/h3>\n<h3>W najbli\u017csz\u0105 niedziel\u0119 <strong>Niedziela Palmowa<\/strong> w Besku na sumie o godz. 11.00 po\u015bwi\u0119cenie palm i procesja wok\u00f3\u0142 ko\u015bcio\u0142a. Prosimy, aby dzieci szkolne jak w lata ubieg\u0142e z pomoc\u0105 rodzic\u00f3w i nauczycieli przygotowa\u0142y pi\u0119kne palmy na t\u0119 uroczysto\u015b\u0107 i licznie wzi\u0119\u0142y udzia\u0142 w tej uroczysto\u015bci. W ko\u015bcio\u0142ach filialnych w Niedziel\u0119 Palmow\u0105: Procesja z palmami, Msza \u015bw. i Gorzkie \u017cale w Mymoniu o godz. 8.30, a w Por\u0119bach o godz. 10.00.<\/h3>\n<h3>W przysz\u0142\u0105 niedziel\u0119 Gminnym O\u015brodku Kultury w Besku o godz. 19.00 przedstawione b\u0119dzie tradycyjne Misterium M\u0119ki Pa\u0144skiej. Serdecznie zapraszamy Parafian.<\/h3>\n","protected":false},"excerpt":{"rendered":"<p>5 Niedziela Wielkiego Postu 6.04.2025r. Dzisiaj w naszej Parafii Niedziela Adoracyjna, od godz. 12.00 do 16.00 prywatna adoracja rodzin naszej Parafii. O godz. 16.00 Gorzkie \u017cale i zmiana tajemnic, adoruje r\u00f3\u017ca Matki Ko\u015bcio\u0142a prze\u0142o\u017cona Stanis\u0142awa Strachocka w przysz\u0142\u0105 niedziel\u0119 adoruje r\u00f3\u017ca Niepokalanego Pocz\u0119cia NMP prze\u0142o\u017cona Bronis\u0142awa Ziemia\u0144ska. Dzisiaj taca przeznaczona<span class=\"more-link\"><a href=\"https:\/\/parafiabesko.pl\/?p=11025\">Czytaj wi\u0119cej<\/a><\/span><\/p>\n","protected":false},"author":1,"featured_media":0,"comment_status":"closed","ping_status":"open","sticky":false,"template":"","format":"standard","meta":{"footnotes":""},"categories":[7],"tags":[],"class_list":["entry","author-adminparafiibesko","post-11025","post","type-post","status-publish","format-standard","category-ogloszenia-parafialne"],"_links":{"self":[{"href":"https:\/\/parafiabesko.pl\/index.php?rest_route=\/wp\/v2\/posts\/11025","targetHints":{"allow":["GET"]}}],"collection":[{"href":"https:\/\/parafiabesko.pl\/index.php?rest_route=\/wp\/v2\/posts"}],"about":[{"href":"https:\/\/parafiabesko.pl\/index.php?rest_route=\/wp\/v2\/types\/post"}],"author":[{"embeddable":true,"href":"https:\/\/parafiabesko.pl\/index.php?rest_route=\/wp\/v2\/users\/1"}],"replies":[{"embeddable":true,"href":"https:\/\/parafiabesko.pl\/index.php?rest_route=%2Fwp%2Fv2%2Fcomments&post=11025"}],"version-history":[{"count":0,"href":"https:\/\/parafiabesko.pl\/index.php?rest_route=\/wp\/v2\/posts\/11025\/revisions"}],"wp:attachment":[{"href":"https:\/\/parafiabesko.pl\/index.php?rest_route=%2Fwp%2Fv2%2Fmedia&parent=11025"}],"wp:term":[{"taxonomy":"category","embeddable":true,"href":"https:\/\/parafiabesko.pl\/index.php?rest_route=%2Fwp%2Fv2%2Fcategories&post=11025"},{"taxonomy":"post_tag","embeddable":true,"href":"https:\/\/parafiabesko.pl\/index.php?rest_route=%2Fwp%2Fv2%2Ftags&post=11025"}],"curies":[{"name":"wp","href":"https:\/\/api.w.org\/{rel}","templated":true}]}}