{"id":11023,"date":"2025-04-05T13:15:24","date_gmt":"2025-04-05T13:15:24","guid":{"rendered":"https:\/\/parafiabesko.pl\/?p=11023"},"modified":"2025-04-05T13:15:24","modified_gmt":"2025-04-05T13:15:24","slug":"intencje-mszalne-7-13-04-2025r","status":"publish","type":"post","link":"https:\/\/parafiabesko.pl\/?p=11023","title":{"rendered":"Intencje mszalne 7-13.04.2025r."},"content":{"rendered":"<table border=\"\">\n<tbody>\n<tr>\n<td colspan=\"3\" width=\"695\">\n<h3 style=\"text-align: center;\"><strong>AD 2025<\/strong><\/h3>\n<h3 style=\"text-align: center;\"><strong>5 Tydzie\u0144 Wielkiego Postu<\/strong><\/h3>\n<h3 style=\"text-align: center;\"><strong>7-13.04.2025r.<\/strong><\/h3>\n<\/td>\n<\/tr>\n<tr>\n<td rowspan=\"2\" width=\"166\">\n<h3><strong>Poniedzia\u0142ek<\/strong><\/h3>\n<h3><strong>7.04.2025r.<\/strong><\/h3>\n<h3><\/h3>\n<\/td>\n<td width=\"71\">\n<h3><strong>7.00<\/strong><\/h3>\n<\/td>\n<td width=\"457\">\n<h3>+Zofia Drozd of. koledzy i kole\u017canki \u0141ucji<\/h3>\n<\/td>\n<\/tr>\n<tr>\n<td width=\"71\">\n<h3><strong>18.00<\/strong><\/h3>\n<\/td>\n<td width=\"457\">\n<h3>1.\u2013Dzi\u0119kczynna za uzdrowienie z pro\u015bb\u0105 o b\u0142og. Bo\u017ce<\/h3>\n<h3>2. +Jan Wac\u0142awski \/1 r. \u015bm.\/\u00a0 of. \u017cona i dzieci \/poza Parafi\u0105\/<\/h3>\n<\/td>\n<\/tr>\n<tr>\n<td rowspan=\"2\" width=\"166\">\n<h3><strong>Wtorek<\/strong><\/h3>\n<h3><strong>8.04.2025r.<\/strong><\/h3>\n<h3><\/h3>\n<\/td>\n<td width=\"71\">\n<h3><strong>7.00<\/strong><\/h3>\n<\/td>\n<td width=\"457\">\n<h3>+Maria \/13 r. \u015bm.\/, Ignacy Kmak<\/h3>\n<\/td>\n<\/tr>\n<tr>\n<td width=\"71\">\n<h3><strong>18.00<\/strong><\/h3>\n<\/td>\n<td width=\"457\">\n<h3>1. +Maria\/7 r. \u015bm.\/, J\u00f3zef Szul<\/h3>\n<h3>2. +Eugeniusz B\u0142aszczak of. siostra z rodzin\u0105 \/poza Parafi\u0105\/<\/h3>\n<\/td>\n<\/tr>\n<tr>\n<td rowspan=\"2\" width=\"166\">\n<h3><strong>\u015aroda<\/strong><\/h3>\n<h3><strong>9.04.2025r.<\/strong><\/h3>\n<h3><strong>\u00a0<\/strong><\/h3>\n<\/td>\n<td width=\"71\">\n<h3><strong>7.00<\/strong><\/h3>\n<\/td>\n<td width=\"457\">\n<h3>+Magdalena, Jan, Antoni Pihut<\/h3>\n<\/td>\n<\/tr>\n<tr>\n<td width=\"71\">\n<h3><strong>18.00<\/strong><\/h3>\n<\/td>\n<td width=\"457\">\n<h3>1. +Tadeusz Nycz \/6 r. \u015bm.\/<\/h3>\n<h3>2. \u2013W 30 rocznic\u0119 urodzin Marioli z pro\u015bb\u0105 o opiek\u0119 Bo\u017c\u0105 \/poza Parafi\u0105\/<\/h3>\n<\/td>\n<\/tr>\n<tr>\n<td width=\"166\">\n<h3><strong>Czwartek<\/strong><\/h3>\n<h3><strong>10.04.2025r.<\/strong><\/h3>\n<h3><\/h3>\n<\/td>\n<td width=\"71\">\n<h3><strong>7.00<\/strong><\/h3>\n<\/td>\n<td width=\"457\">\n<h3>1. +Witold B\u0142a\u017c of rodzina Zych<\/h3>\n<h3>2. +Stanis\u0142aw\u0119 Szybka \/4 r. \u015bm.\/<\/h3>\n<h3>3. +Barbara Gadecka of. rodzina Szuba \/poza Parafi\u0105\/<\/h3>\n<\/td>\n<\/tr>\n<tr>\n<td width=\"166\">\n<h3><strong>Pi\u0105tek<\/strong><\/h3>\n<h3><strong>11.04.2025r.<\/strong><\/h3>\n<h3><\/h3>\n<\/td>\n<td width=\"71\">\n<h3><strong>7.00<\/strong><\/h3>\n<\/td>\n<td width=\"457\">\n<h3>1. +J\u00f3zef\u0119, Andrzej Szul\/30 r. \u015bm.\/. Magdalena<\/h3>\n<h3>2. +J\u00f3zef Wr\u00f3bel of. Kazimiera i Joanna<\/h3>\n<h3>3.+Joann\u0119 Gacek of. s\u0105siedzi z ul. Starowiejskiej i Nadrzecznej \/poza Parafi\u0105\/<\/h3>\n<\/td>\n<\/tr>\n<tr>\n<td width=\"166\">\n<h3><strong>Sobota<\/strong><\/h3>\n<h3><strong>12.04.2025r.<\/strong><\/h3>\n<h3><\/h3>\n<\/td>\n<td width=\"71\">\n<h3><strong>7.00<\/strong><\/h3>\n<\/td>\n<td width=\"457\">\n<h3>1. +Edward Kijowski \/3 r. \u015bm.\/<\/h3>\n<h3>2. \u2013Dzi\u0119kczynna z pro\u015bb\u0105 o opiek\u0119 Bo\u017ca dla Jerzego z okazji urodzin<\/h3>\n<h3>3. +Mieczys\u0142awa \u0106wi\u0105ka\u0142a \/1 r. \u015bm.\/ \/poza Parafi\u0105\/<\/h3>\n<\/td>\n<\/tr>\n<tr>\n<td rowspan=\"4\" width=\"166\">\n<h3><strong><u>Niedziela<\/u><\/strong><\/h3>\n<h3><strong><u>Palmowa<\/u><\/strong><\/h3>\n<h3><strong>13.04.2025r.<\/strong><\/h3>\n<h3><\/h3>\n<\/td>\n<td width=\"71\">\n<h3><strong>7.30<\/strong><\/h3>\n<\/td>\n<td width=\"457\">\n<h3>+Ewa, W\u0142adys\u0142aw, Antonina<\/h3>\n<\/td>\n<\/tr>\n<tr>\n<td width=\"71\">\n<h3><strong>9.15<\/strong><\/h3>\n<\/td>\n<td width=\"457\">\n<h3>+Maria<\/h3>\n<\/td>\n<\/tr>\n<tr>\n<td width=\"71\">\n<h3><strong>11.00<\/strong><\/h3>\n<\/td>\n<td width=\"457\">\n<h3><strong>Za Parafian<\/strong><\/h3>\n<\/td>\n<\/tr>\n<tr>\n<td width=\"71\">\n<h3><strong>16.30<\/strong><\/h3>\n<\/td>\n<td width=\"457\">\n<h3>+Janina Prugar<\/h3>\n<\/td>\n<\/tr>\n<\/tbody>\n<\/table>\n","protected":false},"excerpt":{"rendered":"<p>AD 2025 5 Tydzie\u0144 Wielkiego Postu 7-13.04.2025r. Poniedzia\u0142ek 7.04.2025r. 7.00 +Zofia Drozd of. koledzy i kole\u017canki \u0141ucji 18.00 1.\u2013Dzi\u0119kczynna za uzdrowienie z pro\u015bb\u0105 o b\u0142og. Bo\u017ce 2. +Jan Wac\u0142awski \/1 r. \u015bm.\/\u00a0 of. \u017cona i dzieci \/poza Parafi\u0105\/ Wtorek 8.04.2025r. 7.00 +Maria \/13 r. \u015bm.\/, Ignacy Kmak 18.00 1. +Maria\/7<span class=\"more-link\"><a href=\"https:\/\/parafiabesko.pl\/?p=11023\">Czytaj wi\u0119cej<\/a><\/span><\/p>\n","protected":false},"author":1,"featured_media":0,"comment_status":"closed","ping_status":"open","sticky":false,"template":"","format":"standard","meta":{"footnotes":""},"categories":[4],"tags":[],"class_list":["entry","author-adminparafiibesko","post-11023","post","type-post","status-publish","format-standard","category-intencje-mszalne"],"_links":{"self":[{"href":"https:\/\/parafiabesko.pl\/index.php?rest_route=\/wp\/v2\/posts\/11023","targetHints":{"allow":["GET"]}}],"collection":[{"href":"https:\/\/parafiabesko.pl\/index.php?rest_route=\/wp\/v2\/posts"}],"about":[{"href":"https:\/\/parafiabesko.pl\/index.php?rest_route=\/wp\/v2\/types\/post"}],"author":[{"embeddable":true,"href":"https:\/\/parafiabesko.pl\/index.php?rest_route=\/wp\/v2\/users\/1"}],"replies":[{"embeddable":true,"href":"https:\/\/parafiabesko.pl\/index.php?rest_route=%2Fwp%2Fv2%2Fcomments&post=11023"}],"version-history":[{"count":0,"href":"https:\/\/parafiabesko.pl\/index.php?rest_route=\/wp\/v2\/posts\/11023\/revisions"}],"wp:attachment":[{"href":"https:\/\/parafiabesko.pl\/index.php?rest_route=%2Fwp%2Fv2%2Fmedia&parent=11023"}],"wp:term":[{"taxonomy":"category","embeddable":true,"href":"https:\/\/parafiabesko.pl\/index.php?rest_route=%2Fwp%2Fv2%2Fcategories&post=11023"},{"taxonomy":"post_tag","embeddable":true,"href":"https:\/\/parafiabesko.pl\/index.php?rest_route=%2Fwp%2Fv2%2Ftags&post=11023"}],"curies":[{"name":"wp","href":"https:\/\/api.w.org\/{rel}","templated":true}]}}