{"id":11009,"date":"2025-03-29T17:02:59","date_gmt":"2025-03-29T17:02:59","guid":{"rendered":"https:\/\/parafiabesko.pl\/?p=11009"},"modified":"2025-03-29T17:02:59","modified_gmt":"2025-03-29T17:02:59","slug":"ogloszenia-parafialne-4-niedziela-wielkiego-postu-23-03-2025r","status":"publish","type":"post","link":"https:\/\/parafiabesko.pl\/?p=11009","title":{"rendered":"Og\u0142oszenia parafialne 4 Niedziela Wielkiego Postu 30.03.2025r."},"content":{"rendered":"<h3><strong>Od jutra w tygodniu wieczorowa Msza \u015bw. b\u0119dzie odprawiana o godzin\u0119 p\u00f3\u017aniej, czyli o godz. 18.00.<\/strong><\/h3>\n<h3>Dzisiaj<strong> Gorzkie \u017cale<\/strong> z kazaniem pasyjnym w Besku o godz. 16.00,adoruje r\u00f3\u017ca NMP Kr\u00f3lowej Polski prze\u0142o\u017cona Krystyna Szajna. W ko\u015bcio\u0142ach filialnych Nabo\u017ce\u0144stwo Gorzkich \u017cali i Msza \u015bw. w Mymoniu o godz. 8.30, a w Por\u0119bach o godz. 10.00.<\/h3>\n<h3>Spowied\u017a przed pierwszym pi\u0105tkiem miesi\u0105ca od poniedzia\u0142ku rano i wieczorem przed Msz\u0105 \u015bw. Dzieci i m\u0142odzie\u017c do spowiedzi zapraszamy we \u015brod\u0119 od godz. 17.00.<\/h3>\n<h3>W poniedzia\u0142ek o godz. 18.00 modlitwa przy relikwiach \u015bw. Jana Paw\u0142a II, a o godz.19.30 Msza \u015bw. dla m\u0119\u017cczyzn. Serdecznie zapraszamy.<\/h3>\n<h3>We wtorek o godz. 18.00 Nabo\u017ce\u0144stwo do Bo\u017cego Mi\u0142osierdzia.<\/h3>\n<h3>We \u015brod\u0119 o godz. 18.00 Nowenna do Matki Bo\u017cej Nieustaj\u0105cej Pomocy.<\/h3>\n<h3><\/h3>\n<h3 style=\"text-align: center;\"><strong><u>Komunikat Abpa Adama Szala Metropolity Przemyskiego<\/u><\/strong><\/h3>\n<h3>Drodzy Siostry i Bracia w Chrystusie,<\/h3>\n<h3>\u00a0\u00a0 Zbli\u017ca si\u0119 wyj\u0105tkowy dzie\u0144 \u2013\u00a0<strong>2 kwietnia 2025 roku \/najbli\u017csza \u015broda\/ przypada 20 rocznica odej\u015bcia do Domu Ojca \u015bw. Jana Paw\u0142a II<\/strong>. Chcemy jako wsp\u00f3lnota diecezjalna uczci\u0107 ten dzie\u0144 w duchu modlitwy i wdzi\u0119czno\u015bci za \u017cycie i pontyfikat naszego Wielkiego Rodaka.<\/h3>\n<h3>\u00a0\u00a0 Serdecznie zapraszam Was wszystkich do udzia\u0142u w modlitewnym czuwaniu pod has\u0142em\u00a0<strong>\u201eNie l\u0119kajcie si\u0119 \u2013 Czuwanie ze \u015bw. Janem Paw\u0142em II\u201d<\/strong>, kt\u00f3re odb\u0119dzie si\u0119 w ko\u015bcio\u0142ach parafialnych\u00a0<strong>2 kwietnia o godzinie 21:00<\/strong>.<\/h3>\n<h3>\u00a0\u00a0 Podczas tego wieczoru wsp\u00f3lnie za\u015bpiewamy Apel Jasnog\u00f3rski, wys\u0142uchamy fragment\u00f3w nauczania Papie\u017ca, odm\u00f3wimy r\u00f3\u017caniec, ws\u0142uchamy si\u0119 w Jego Testament, a o godzinie 21:37 \u2013 w symboliczn\u0105 godzin\u0119 \u015bmierci Jana Paw\u0142a II \u2013 trwa\u0107 b\u0119dziemy w ciszy i modlitwie, dzi\u0119kuj\u0105c Bogu za dar Jego \u017cycia.<\/h3>\n<h3>\u00a0\u00a0 Niech to spotkanie b\u0119dzie dla nas wszystkich okazj\u0105 do refleksji, wdzi\u0119czno\u015bci oraz umocnienia wiary.<\/h3>\n<h3 style=\"text-align: right;\">Z serca Was zapraszam i na ten czas b\u0142ogos\u0142awi\u0119<br \/>\n<em>\u2020\u00a0<strong>Abp Adam Szal<\/strong><\/em><strong><em><br \/>\nMetropolita Przemyski<\/em><\/strong><\/h3>\n<h3>Pierwszy czwartek miesi\u0105ca o godz. 18.00 Godzina \u015bwi\u0119ta.<\/h3>\n<h3>Pierwszy pi\u0105tek miesi\u0105ca <strong>Nabo\u017ce\u0144stwo Drogi krzy\u017cowej<\/strong> w Besku rano po Mszy \u015bwi\u0119tej o godzinie 7.00, po po\u0142udniu o godzinie 18.00. W ko\u015bcio\u0142ach filialnych: spowied\u017a, Msza \u015bw. i Nabo\u017ce\u0144stwo Drogi krzy\u017cowej w Por\u0119bach i w Mymoniu o godzinie 16.00. W pierwszy pi\u0105tek chorych nie b\u0119dziemy odwiedza\u0107, chorzy w Parafii b\u0119d\u0105 odwiedzani przed \u015bwi\u0119tami.<\/h3>\n<h3>Pierwsza sobota miesi\u0105ca rano o godz. 7.00 Msza \u015bw. i nabo\u017ce\u0144stwo do Matki Bo\u017cej, adoruje r\u00f3\u017ca Matki Mi\u0142osierdzia prze\u0142o\u017cona Teresa Marchel, wieczorem o godz. 18.00 Msza \u015bw. i nabo\u017ce\u0144stwo do Matki Bo\u017cej.<\/h3>\n<h3>W najbli\u017csz\u0105 niedziel\u0119 w naszej Parafii <strong>Niedziela Adoracyjna, <\/strong>od godz. 12.00 do 16.00 prywatna adoracja rodzin naszej Parafii. O godz. 16.00 <strong>Gorzkie \u017cale <\/strong>i zmiana tajemnic, adoruje r\u00f3\u017ca Matki Ko\u015bcio\u0142a prze\u0142o\u017cona Stanis\u0142awa Strachocka.<\/h3>\n<h3>W przysz\u0142\u0105 niedziel\u0119 po Mszach \u015bw. zbi\u00f3rka do puszki na fundacj\u0119 Wzrastanie.<\/h3>\n","protected":false},"excerpt":{"rendered":"<p>Od jutra w tygodniu wieczorowa Msza \u015bw. b\u0119dzie odprawiana o godzin\u0119 p\u00f3\u017aniej, czyli o godz. 18.00. Dzisiaj Gorzkie \u017cale z kazaniem pasyjnym w Besku o godz. 16.00,adoruje r\u00f3\u017ca NMP Kr\u00f3lowej Polski prze\u0142o\u017cona Krystyna Szajna. W ko\u015bcio\u0142ach filialnych Nabo\u017ce\u0144stwo Gorzkich \u017cali i Msza \u015bw. w Mymoniu o godz. 8.30, a w<span class=\"more-link\"><a href=\"https:\/\/parafiabesko.pl\/?p=11009\">Czytaj wi\u0119cej<\/a><\/span><\/p>\n","protected":false},"author":1,"featured_media":0,"comment_status":"closed","ping_status":"open","sticky":false,"template":"","format":"standard","meta":{"footnotes":""},"categories":[7],"tags":[],"class_list":["entry","author-adminparafiibesko","post-11009","post","type-post","status-publish","format-standard","category-ogloszenia-parafialne"],"_links":{"self":[{"href":"https:\/\/parafiabesko.pl\/index.php?rest_route=\/wp\/v2\/posts\/11009","targetHints":{"allow":["GET"]}}],"collection":[{"href":"https:\/\/parafiabesko.pl\/index.php?rest_route=\/wp\/v2\/posts"}],"about":[{"href":"https:\/\/parafiabesko.pl\/index.php?rest_route=\/wp\/v2\/types\/post"}],"author":[{"embeddable":true,"href":"https:\/\/parafiabesko.pl\/index.php?rest_route=\/wp\/v2\/users\/1"}],"replies":[{"embeddable":true,"href":"https:\/\/parafiabesko.pl\/index.php?rest_route=%2Fwp%2Fv2%2Fcomments&post=11009"}],"version-history":[{"count":0,"href":"https:\/\/parafiabesko.pl\/index.php?rest_route=\/wp\/v2\/posts\/11009\/revisions"}],"wp:attachment":[{"href":"https:\/\/parafiabesko.pl\/index.php?rest_route=%2Fwp%2Fv2%2Fmedia&parent=11009"}],"wp:term":[{"taxonomy":"category","embeddable":true,"href":"https:\/\/parafiabesko.pl\/index.php?rest_route=%2Fwp%2Fv2%2Fcategories&post=11009"},{"taxonomy":"post_tag","embeddable":true,"href":"https:\/\/parafiabesko.pl\/index.php?rest_route=%2Fwp%2Fv2%2Ftags&post=11009"}],"curies":[{"name":"wp","href":"https:\/\/api.w.org\/{rel}","templated":true}]}}