{"id":11007,"date":"2025-03-29T16:58:41","date_gmt":"2025-03-29T16:58:41","guid":{"rendered":"https:\/\/parafiabesko.pl\/?p=11007"},"modified":"2025-03-29T16:58:41","modified_gmt":"2025-03-29T16:58:41","slug":"intencje-mszalne-24-30-03-2025r-2","status":"publish","type":"post","link":"https:\/\/parafiabesko.pl\/?p=11007","title":{"rendered":"Intencje mszalne 31.03.-6.04.2025r."},"content":{"rendered":"<table>\n<tbody>\n<tr>\n<td colspan=\"3\" width=\"695\">\n<h3 style=\"text-align: center;\"><strong>AD 2025<\/strong><\/h3>\n<h3 style=\"text-align: center;\"><strong>4 Tydzie\u0144 Wielkiego Postu<\/strong><\/h3>\n<h3 style=\"text-align: center;\"><strong>31.03.-6.04.2025r.<\/strong><\/h3>\n<h3 style=\"text-align: center;\"><strong>\u00a0<\/strong><\/h3>\n<h3><\/h3>\n<\/td>\n<\/tr>\n<tr>\n<td rowspan=\"2\" width=\"166\">\n<h3><strong>Poniedzia\u0142ek<\/strong><\/h3>\n<h3><strong>31.03.2025r.<\/strong><\/h3>\n<h3><\/h3>\n<\/td>\n<td width=\"71\">\n<h3><strong>7.00<\/strong><\/h3>\n<\/td>\n<td width=\"457\">\n<h3>+Lucyna Kopis of. pracownicy O\u015brodka Zdrowia w Besku<\/h3>\n<\/td>\n<\/tr>\n<tr>\n<td width=\"71\">\n<h3><strong>18.00<\/strong><\/h3>\n<\/td>\n<td width=\"457\">\n<h3>1. +Czes\u0142aw\u0119 \/15 r. \u015bm.\/, Stanis\u0142aw\/17 r. \u015bm.\/ Szul<\/h3>\n<h3>2. +Irena Suwa\u0142a \/poza Parafi\u0105\/<\/h3>\n<\/td>\n<\/tr>\n<tr>\n<td rowspan=\"2\" width=\"166\">\n<h3><strong>Wtorek<\/strong><\/h3>\n<h3><strong>1.04.2025r.<\/strong><\/h3>\n<h3><\/h3>\n<\/td>\n<td width=\"71\">\n<h3><strong>7.00<\/strong><\/h3>\n<\/td>\n<td width=\"457\">\n<h3>+Jan, Julia, Jan Tutak, Wojciech i zm. z rodziny<\/h3>\n<\/td>\n<\/tr>\n<tr>\n<td width=\"71\">\n<h3><strong>18.00<\/strong><\/h3>\n<\/td>\n<td width=\"457\">\n<h3>1. + Kazimierz\/9 r. \u015bm.\/, Katarzyna \/33 r. \u015bm.\/ J\u00f3zefczyk of. c\u00f3rka Kazimiera<\/h3>\n<h3>2. +Zofia, J\u00f3zef, Ireneusz Trojanowscy\/poza Parafi\u0105\/<\/h3>\n<\/td>\n<\/tr>\n<tr>\n<td rowspan=\"2\" width=\"166\">\n<h3><strong>\u015aroda<\/strong><\/h3>\n<h3><strong>2.04.2025r.<\/strong><\/h3>\n<h3><strong>\u00a0<\/strong><\/h3>\n<h3><strong>\u00a0<\/strong><\/h3>\n<\/td>\n<td width=\"71\">\n<h3><strong>7.00<\/strong><\/h3>\n<\/td>\n<td width=\"457\">\n<h3>+Joanna Gacek of. kole\u017canka El\u017cbieta<\/h3>\n<\/td>\n<\/tr>\n<tr>\n<td width=\"71\">\n<h3><strong>18.00<\/strong><\/h3>\n<\/td>\n<td width=\"457\">\n<h3>1. +Tomasz Kielar \/3 r. \u015bm.\/<\/h3>\n<h3>2. +Krystyna, Stanis\u0142aw, Wies\u0142aw Zawojscy \/poza Parafi\u0105\/<\/h3>\n<\/td>\n<\/tr>\n<tr>\n<td rowspan=\"2\" width=\"166\">\n<h3><strong>Czwartek<\/strong><\/h3>\n<h3><strong>3.04.2025r.<\/strong><\/h3>\n<h3><strong>\u00a0<\/strong><\/h3>\n<h3><\/h3>\n<\/td>\n<td width=\"71\">\n<h3><strong>7.00<\/strong><\/h3>\n<\/td>\n<td width=\"457\">\n<h3>+Wojciech \u017b\u00f3\u0142kiewicz of. ojciec chrzestny z rodzin\u0105<\/h3>\n<\/td>\n<\/tr>\n<tr>\n<td width=\"71\">\n<h3><strong>18.00<\/strong><\/h3>\n<\/td>\n<td width=\"457\">\n<h3>1. \u2013W 50 urodziny Daniela z pro\u015bb\u0105 o b\u0142og. Bo\u017ce i opiek\u0119 Matki Bo\u017cej<\/h3>\n<h3>2. +Joanna Gacek of . s\u0105siedzi z ul. Starowiejskiej i Nadrzecznej \/poza Parafi\u0105\/<\/h3>\n<\/td>\n<\/tr>\n<tr>\n<td rowspan=\"2\" width=\"166\">\n<h3><strong>Pi\u0105tek<\/strong><\/h3>\n<h3><strong>4.04.2025r.<\/strong><\/h3>\n<h3><strong>\u00a0<\/strong><\/h3>\n<h3><\/h3>\n<\/td>\n<td width=\"71\">\n<h3><strong>7.00<\/strong><\/h3>\n<\/td>\n<td width=\"457\">\n<h3>+Maria Wojtasik of. kole\u017canki i koledzy z POMU<\/h3>\n<\/td>\n<\/tr>\n<tr>\n<td width=\"71\">\n<h3><strong>18.00<\/strong><\/h3>\n<\/td>\n<td width=\"457\">\n<h3>+Edward Ja\u015blar of. c\u00f3rka Ewa z rodzin\u0105<\/h3>\n<\/td>\n<\/tr>\n<tr>\n<td rowspan=\"2\" width=\"166\">\n<h3><strong>Sobota<\/strong><\/h3>\n<h3><strong>5.04.2025r.<\/strong><\/h3>\n<h3><strong>\u00a0<\/strong><\/h3>\n<h3><\/h3>\n<\/td>\n<td width=\"71\">\n<h3><strong>7.00<\/strong><\/h3>\n<\/td>\n<td width=\"457\">\n<h3>+Za dusze w czyjscu cierpi\u0105ce<\/h3>\n<\/td>\n<\/tr>\n<tr>\n<td width=\"71\">\n<h3><strong>18.00<\/strong><\/h3>\n<\/td>\n<td width=\"457\">\n<h3>1. +Tomasz. Magdalen\u0119<\/h3>\n<h3>2. +Jan \/30 r. \u015bm.\/, Helen\u0119 Fr\u0105czek \/poza Parafi\u0105\/<\/h3>\n<\/td>\n<\/tr>\n<tr>\n<td rowspan=\"4\" width=\"166\">\n<h3><strong>Niedziela<\/strong><\/h3>\n<h3><strong>6.04.2025r.<\/strong><\/h3>\n<h3><strong>\u00a0<\/strong><\/h3>\n<h3><\/h3>\n<\/td>\n<td width=\"71\">\n<h3><strong>7.30<\/strong><\/h3>\n<\/td>\n<td width=\"457\">\n<h3>-Dzi\u0119kczynna w 50 urodziny Anny z pro\u015bb\u0105 o opiek\u0119 Bo\u017c\u0105<\/h3>\n<\/td>\n<\/tr>\n<tr>\n<td width=\"71\">\n<h3><strong>9.15<\/strong><\/h3>\n<\/td>\n<td width=\"457\">\n<h3>+Kazimiera, Roman Oberc, J\u00f3zef Jaslar<\/h3>\n<\/td>\n<\/tr>\n<tr>\n<td width=\"71\">\n<h3><strong>11.00<\/strong><\/h3>\n<\/td>\n<td width=\"457\">\n<h3><strong>Za Parafian<\/strong><\/h3>\n<\/td>\n<\/tr>\n<tr>\n<td width=\"71\">\n<h3><strong>16.30<\/strong><\/h3>\n<\/td>\n<td width=\"457\">\n<h3>+Stefani\u0119, J\u00f3zef Kijowscy of. c\u00f3rka z rodzin\u0105<\/h3>\n<\/td>\n<\/tr>\n<\/tbody>\n<\/table>\n","protected":false},"excerpt":{"rendered":"<p>AD 2025 4 Tydzie\u0144 Wielkiego Postu 31.03.-6.04.2025r. \u00a0 Poniedzia\u0142ek 31.03.2025r. 7.00 +Lucyna Kopis of. pracownicy O\u015brodka Zdrowia w Besku 18.00 1. +Czes\u0142aw\u0119 \/15 r. \u015bm.\/, Stanis\u0142aw\/17 r. \u015bm.\/ Szul 2. +Irena Suwa\u0142a \/poza Parafi\u0105\/ Wtorek 1.04.2025r. 7.00 +Jan, Julia, Jan Tutak, Wojciech i zm. z rodziny 18.00 1. + Kazimierz\/9<span class=\"more-link\"><a href=\"https:\/\/parafiabesko.pl\/?p=11007\">Czytaj wi\u0119cej<\/a><\/span><\/p>\n","protected":false},"author":1,"featured_media":0,"comment_status":"closed","ping_status":"open","sticky":false,"template":"","format":"standard","meta":{"footnotes":""},"categories":[4],"tags":[],"class_list":["entry","author-adminparafiibesko","post-11007","post","type-post","status-publish","format-standard","category-intencje-mszalne"],"_links":{"self":[{"href":"https:\/\/parafiabesko.pl\/index.php?rest_route=\/wp\/v2\/posts\/11007","targetHints":{"allow":["GET"]}}],"collection":[{"href":"https:\/\/parafiabesko.pl\/index.php?rest_route=\/wp\/v2\/posts"}],"about":[{"href":"https:\/\/parafiabesko.pl\/index.php?rest_route=\/wp\/v2\/types\/post"}],"author":[{"embeddable":true,"href":"https:\/\/parafiabesko.pl\/index.php?rest_route=\/wp\/v2\/users\/1"}],"replies":[{"embeddable":true,"href":"https:\/\/parafiabesko.pl\/index.php?rest_route=%2Fwp%2Fv2%2Fcomments&post=11007"}],"version-history":[{"count":0,"href":"https:\/\/parafiabesko.pl\/index.php?rest_route=\/wp\/v2\/posts\/11007\/revisions"}],"wp:attachment":[{"href":"https:\/\/parafiabesko.pl\/index.php?rest_route=%2Fwp%2Fv2%2Fmedia&parent=11007"}],"wp:term":[{"taxonomy":"category","embeddable":true,"href":"https:\/\/parafiabesko.pl\/index.php?rest_route=%2Fwp%2Fv2%2Fcategories&post=11007"},{"taxonomy":"post_tag","embeddable":true,"href":"https:\/\/parafiabesko.pl\/index.php?rest_route=%2Fwp%2Fv2%2Ftags&post=11007"}],"curies":[{"name":"wp","href":"https:\/\/api.w.org\/{rel}","templated":true}]}}