{"id":10996,"date":"2025-03-22T17:22:21","date_gmt":"2025-03-22T17:22:21","guid":{"rendered":"https:\/\/parafiabesko.pl\/?p=10996"},"modified":"2025-03-22T17:22:21","modified_gmt":"2025-03-22T17:22:21","slug":"ogloszenia-parafialne-3-niedziela-wielkiego-postu-23-03-2025r","status":"publish","type":"post","link":"https:\/\/parafiabesko.pl\/?p=10996","title":{"rendered":"Og\u0142oszenia parafialne 3 Niedziela Wielkiego Postu 23.03.2025r."},"content":{"rendered":"<h3>Dzisiaj u si\u00f3str Felicjanek od godziny 8.00 do 15.00 adoracja Naj\u015bwi\u0119tszego Sakramentu z okazji Patrona domu \u015bwi\u0119tego J\u00f3zefa. Siostry serdecznie zapraszaj\u0105 na wsp\u00f3ln\u0105 modlitw\u0119.<\/h3>\n<h3>Dzisiaj<strong> Gorzkie \u017cale<\/strong> z kazaniem pasyjnym w Besku o godz. 16.00. Adoruje r\u00f3\u017ca MB Cz\u0119stochowskiej prze\u0142o\u017cona Helena Folcik. W przysz\u0142\u0105 niedziel\u0119 adoruje r\u00f3\u017ca NMP Kr\u00f3lowej Polski prze\u0142o\u017cona Krystyna Szajna. W ko\u015bcio\u0142ach filialnych Nabo\u017ce\u0144stwo Gorzkich \u017cali i Msza \u015bw. w Mymoniu o godz. 8.30, a w Por\u0119bach o godz. 10.00.<\/h3>\n<h3>W poniedzia\u0142ek o godz. 17.00 modlitwa przy relikwiach \u015bw. Jana Paw\u0142a II<\/h3>\n<h3>We wtorek 25 marca <strong>Uroczysto\u015b\u0107 Zwiastowania Pa\u0144skiego<\/strong> \u2013 Dzie\u0144 \u015awi\u0119to\u015bci \u017bycia \u2013 modlimy si\u0119 o poszanowanie ludzkiego \u017cycia od chwili pocz\u0119cia a\u017c do naturalnej \u015bmierci. Po Mszy \u015bw. adoracja i konferencja o Eucharystii.<\/h3>\n<h3><strong>Duchowa Adopcja. <\/strong><\/h3>\n<h3>W ka\u017cdej godzinie i minucie, gdzie\u015b na \u015bwiecie, umieraj\u0105 najmniejsi i najbardziej bezbronni &#8211; nie narodzone dzieci. One wo\u0142aj\u0105 o pomoc r\u00f3wnie\u017c do Ciebie.\u00a0 Nie zwlekaj. Mo\u017cesz si\u0119 przyczyni\u0107 do ich ocalenia, podejmuj\u0105c Duchow\u0105 Adopcj\u0119.<\/h3>\n<h3>\u00a0\u00a0 Zasady Duchowej Adopcji s\u0105 proste. Jest to modlitewne zobowi\u0105zanie z\u0142o\u017cone najlepiej przy o\u0142tarzu, podj\u0119te przez konkretn\u0105 osob\u0119 w intencji jednego dziecka zagro\u017conego zabiciem w \u0142onie matki. Imi\u0119 tego dziecka jest znane jedynie Bogu. Przez dziewi\u0119\u0107 miesi\u0119cy osoba podejmuj\u0105ca Duchow\u0105 Adopcj\u0119 ogarnia modlitw\u0105 dziecko i jego rodzic\u00f3w, prosz\u0105c Boga o szcz\u0119\u015bliwe jego narodzenie. W ten spos\u00f3b staje si\u0119 duchowym rodzicem tego dziecka. Na modlitw\u0119 Duchowej Adopcji sk\u0142ada si\u0119 jeden dziesi\u0105tek R\u00f3\u017ca\u0144ca \u015awi\u0119tego, codzienna modlitwa, kt\u00f3rej tekst podajemy, oraz dodatkowa dowolna ofiara czy wyrzeczenie &#8211; jak post lub walka z na\u0142ogiem.<\/h3>\n<h3>\u00a0\u00a0 Duchow\u0105 Adopcj\u0119 mo\u017ce podj\u0105\u0107 ka\u017cdy. Najpierw mo\u017cna obj\u0105\u0107 modlitw\u0105 tylko jedno dziecko. Po jej zako\u0144czeniu mo\u017cna adoptowa\u0107 duchowo kolejne, pod warunkiem dope\u0142nienia poprzednich zobowi\u0105za\u0144. Nale\u017cy pami\u0119ta\u0107 o codziennym wype\u0142nianiu przyrzecze\u0144.<\/h3>\n<h3><strong>Modlitwa codzienna: <\/strong><\/h3>\n<h3><em>Panie Jezu &#8211; za wstawiennictwem Twojej Matki Maryi, kt\u00f3ra urodzi\u0142a Ci\u0119 z mi\u0142o\u015bci\u0105 oraz za wstawiennictwem \u015bw. J\u00f3zefa, cz\u0142owieka zawierzenia, kt\u00f3ry opiekowa\u0142 si\u0119 Tob\u0105 po urodzeniu &#8211; prosz\u0119 Ci\u0119 w intencji tego nie narodzonego dziecka, kt\u00f3re duchowo adoptowa\u0142em, a kt\u00f3re znajduje si\u0119 w niebezpiecze\u0144stwie zag\u0142ady. Prosz\u0119, daj rodzicom mi\u0142o\u015b\u0107 i odwag\u0119, aby swoje dziecko pozostawili przy \u017cyciu, kt\u00f3re Ty sam mu przeznaczy\u0142e\u015b. Amen<\/em><\/h3>\n<h3><strong>W kaplicy MB Nieustaj\u0105cej Pomocy jest wy\u0142o\u017cona Parafialna Ksi\u0119ga Duchowej Adopcji, prosimy wpisywa\u0107 swoje postanowienia.<\/strong><\/h3>\n<h3>We \u015brod\u0119 o godz. 17.00 Nowenna do Matki Bo\u017cej Nieustaj\u0105cej Pomocy.<\/h3>\n<h3>W najbli\u017cszy czwartek i pi\u0105tek uczniowie naszej szko\u0142y b\u0119d\u0105 prze\u017cywa\u0107 <strong>Rekolekcje wielkopostne<\/strong>. Prosimy rodzic\u00f3w i nauczycieli o wsparcie, aby uczniowie mogli prze\u017cy\u0107 owocnie ten b\u0142ogos\u0142awiony czas. Serdecznie dzi\u0119kujemy doros\u0142ym za wszelk\u0105 pomoc.<\/h3>\n<h3>W pi\u0105tek <strong>Nabo\u017ce\u0144stwo Drogi krzy\u017cowej<\/strong> w Besku rano po Mszy \u015bw. o godz. 7.00, po po\u0142udniu o godz. 17.00. W ko\u015bcio\u0142ach filialnych<strong> Nabo\u017ce\u0144stwo Drogi krzy\u017cowej i Komunia \u015bw. <\/strong>w Por\u0119bach o godz. 16.00, a w Mymoniu o godz. 17.00.<\/h3>\n","protected":false},"excerpt":{"rendered":"<p>Dzisiaj u si\u00f3str Felicjanek od godziny 8.00 do 15.00 adoracja Naj\u015bwi\u0119tszego Sakramentu z okazji Patrona domu \u015bwi\u0119tego J\u00f3zefa. Siostry serdecznie zapraszaj\u0105 na wsp\u00f3ln\u0105 modlitw\u0119. Dzisiaj Gorzkie \u017cale z kazaniem pasyjnym w Besku o godz. 16.00. Adoruje r\u00f3\u017ca MB Cz\u0119stochowskiej prze\u0142o\u017cona Helena Folcik. W przysz\u0142\u0105 niedziel\u0119 adoruje r\u00f3\u017ca NMP Kr\u00f3lowej Polski<span class=\"more-link\"><a href=\"https:\/\/parafiabesko.pl\/?p=10996\">Czytaj wi\u0119cej<\/a><\/span><\/p>\n","protected":false},"author":1,"featured_media":0,"comment_status":"closed","ping_status":"open","sticky":false,"template":"","format":"standard","meta":{"footnotes":""},"categories":[7],"tags":[],"class_list":["entry","author-adminparafiibesko","post-10996","post","type-post","status-publish","format-standard","category-ogloszenia-parafialne"],"_links":{"self":[{"href":"https:\/\/parafiabesko.pl\/index.php?rest_route=\/wp\/v2\/posts\/10996","targetHints":{"allow":["GET"]}}],"collection":[{"href":"https:\/\/parafiabesko.pl\/index.php?rest_route=\/wp\/v2\/posts"}],"about":[{"href":"https:\/\/parafiabesko.pl\/index.php?rest_route=\/wp\/v2\/types\/post"}],"author":[{"embeddable":true,"href":"https:\/\/parafiabesko.pl\/index.php?rest_route=\/wp\/v2\/users\/1"}],"replies":[{"embeddable":true,"href":"https:\/\/parafiabesko.pl\/index.php?rest_route=%2Fwp%2Fv2%2Fcomments&post=10996"}],"version-history":[{"count":0,"href":"https:\/\/parafiabesko.pl\/index.php?rest_route=\/wp\/v2\/posts\/10996\/revisions"}],"wp:attachment":[{"href":"https:\/\/parafiabesko.pl\/index.php?rest_route=%2Fwp%2Fv2%2Fmedia&parent=10996"}],"wp:term":[{"taxonomy":"category","embeddable":true,"href":"https:\/\/parafiabesko.pl\/index.php?rest_route=%2Fwp%2Fv2%2Fcategories&post=10996"},{"taxonomy":"post_tag","embeddable":true,"href":"https:\/\/parafiabesko.pl\/index.php?rest_route=%2Fwp%2Fv2%2Ftags&post=10996"}],"curies":[{"name":"wp","href":"https:\/\/api.w.org\/{rel}","templated":true}]}}