{"id":10994,"date":"2025-03-22T17:17:42","date_gmt":"2025-03-22T17:17:42","guid":{"rendered":"https:\/\/parafiabesko.pl\/?p=10994"},"modified":"2025-03-22T17:17:42","modified_gmt":"2025-03-22T17:17:42","slug":"intencje-mszalne-24-30-03-2025r","status":"publish","type":"post","link":"https:\/\/parafiabesko.pl\/?p=10994","title":{"rendered":"Intencje mszalne 24-30.03.2025r."},"content":{"rendered":"<table border=\"\">\n<tbody>\n<tr>\n<td colspan=\"3\" width=\"695\">\n<h3 style=\"text-align: center;\"><strong>AD 2025<\/strong><\/h3>\n<h3 style=\"text-align: center;\"><strong>3 Tydzie\u0144 Wielkiego Postu<\/strong><\/h3>\n<h3 style=\"text-align: center;\"><strong>24-30.03.2025r.<\/strong><\/h3>\n<\/td>\n<\/tr>\n<tr>\n<td rowspan=\"2\" width=\"166\">\n<h3><strong>Poniedzia\u0142ek<\/strong><\/h3>\n<h3><strong>24.03.2025r.<\/strong><\/h3>\n<h3><\/h3>\n<\/td>\n<td width=\"71\">\n<h3><strong>7.00<\/strong><\/h3>\n<\/td>\n<td width=\"457\">\n<h3>+Stanis\u0142aw, Stanis\u0142aw\u0119, Zbigniew Sza\u0142ankiewicz i zm. z rodziny<\/h3>\n<\/td>\n<\/tr>\n<tr>\n<td width=\"71\">\n<h3><strong>17.00<\/strong><\/h3>\n<\/td>\n<td width=\"457\">\n<h3>1. +Zofia Szajner \/1 r. \u015bm.\/ of. Gra\u017cyna, Robert z rodzin\u0105<\/h3>\n<h3>2. +Joanna Gocek of. rodzina Kacprzyk\u00f3w \/poza Parafi\u0105\/<\/h3>\n<\/td>\n<\/tr>\n<tr>\n<td rowspan=\"2\" width=\"166\">\n<h3><strong>Wtorek<\/strong><\/h3>\n<h3><strong>25.03.2025r.<\/strong><\/h3>\n<h3><strong>\u00a0<\/strong><\/h3>\n<h3><\/h3>\n<\/td>\n<td width=\"71\">\n<h3><strong>7.00<\/strong><\/h3>\n<\/td>\n<td width=\"457\">\n<h3>-Dzi\u0119kczynna za rodzic\u00f3w, za dar \u017cycia, ojcostwa , macierzy\u0144stwa<\/h3>\n<\/td>\n<\/tr>\n<tr>\n<td width=\"71\">\n<h3><strong>17.00<\/strong><\/h3>\n<\/td>\n<td width=\"457\">\n<h3>1. +Maria Kielar \/15 r. \u015bm.\/, Stanis\u0142aw, Rozalia, Bronis\u0142aw Suwa\u0142a i zm. z rodziny<\/h3>\n<h3>2. +Henryk Kiero\u0144ski \/26 r. r. \u015bm.\/ of. c\u00f3rka z rodzin\u0105 \/poza Parafi\u0105\/<\/h3>\n<\/td>\n<\/tr>\n<tr>\n<td rowspan=\"2\" width=\"166\">\n<h3><strong>\u015aroda<\/strong><\/h3>\n<h3><strong>26.03.2025r.<\/strong><\/h3>\n<h3><strong>\u00a0<\/strong><\/h3>\n<h3><strong>\u00a0<\/strong><\/h3>\n<\/td>\n<td width=\"71\">\n<h3><strong>7.00<\/strong><\/h3>\n<\/td>\n<td width=\"457\">\n<h3>+Zofia B\u0105k, Tadeusz, Artur of. Leszek z rodzin\u0105<\/h3>\n<\/td>\n<\/tr>\n<tr>\n<td width=\"71\">\n<h3><strong>17.00<\/strong><\/h3>\n<\/td>\n<td width=\"457\">\n<h3>1. +Barbara Gadecka of. rodzina \u017b\u00f3\u0142kiewicz<\/h3>\n<h3>2. +Boles\u0142aw \/22 r. \u015bm.\/, Stanis\u0142aw Kornasiewicz \/poza Parafi\u0105\/<\/h3>\n<\/td>\n<\/tr>\n<tr>\n<td rowspan=\"2\" width=\"166\">\n<h3><strong>Czwartek<\/strong><\/h3>\n<h3><strong>27.03.2025r.<\/strong><\/h3>\n<h3><strong>\u00a0<\/strong><\/h3>\n<h3><\/h3>\n<\/td>\n<td width=\"71\">\n<h3><strong>7.00<\/strong><\/h3>\n<\/td>\n<td width=\"457\">\n<h3>+Wiktor B\u0142a\u017c of. Danuta, W\u0142adys\u0142aw Fr\u0105czek<\/h3>\n<\/td>\n<\/tr>\n<tr>\n<td width=\"71\">\n<h3><strong>17.00<\/strong><\/h3>\n<\/td>\n<td width=\"457\">\n<h3>1. +Maria, Wac\u0142aw Marczyszyn<\/h3>\n<h3>2. +Helena, Kazimierz Kr\u00f3liccy \/poza Parafi\u0105\/<\/h3>\n<\/td>\n<\/tr>\n<tr>\n<td rowspan=\"2\" width=\"166\">\n<h3><strong>Pi\u0105tek<\/strong><\/h3>\n<h3><strong>28.03.2025r.<\/strong><\/h3>\n<h3><strong>\u00a0<\/strong><\/h3>\n<h3><\/h3>\n<\/td>\n<td width=\"71\">\n<h3><strong>7.00<\/strong><\/h3>\n<\/td>\n<td width=\"457\">\n<h3>+J\u00f3zef Wr\u00f3bel of. brat Roman z \u017con\u0105<\/h3>\n<\/td>\n<\/tr>\n<tr>\n<td width=\"71\">\n<h3><strong>17.00<\/strong><\/h3>\n<\/td>\n<td width=\"457\">\n<h3>1. +Jakub Zubik<\/h3>\n<h3>2. \u2013Dzi\u0119kczynna za ksi\u0119\u017cy z naszej Parafii z pro\u015bb\u0105 o potrzebne dla nich \u0142aski \/poza Parafi\u0105\/<\/h3>\n<\/td>\n<\/tr>\n<tr>\n<td rowspan=\"2\" width=\"166\">\n<h3><strong>Sobota<\/strong><\/h3>\n<h3><strong>29.03.2025r.<\/strong><\/h3>\n<h3><strong>\u00a0<\/strong><\/h3>\n<h3><\/h3>\n<\/td>\n<td width=\"71\">\n<h3><strong>7.00<\/strong><\/h3>\n<\/td>\n<td width=\"457\">\n<h3>+Katarzyna, Wojciech i zm. dzieci<\/h3>\n<\/td>\n<\/tr>\n<tr>\n<td width=\"71\">\n<h3><strong>17.00<\/strong><\/h3>\n<\/td>\n<td width=\"457\">\n<h3>1. +Stanis\u0142aw\u0119 \/40 r. \u015bm.\/ , J\u00f3zef<\/h3>\n<h3>2. +Stanis\u0142aw \/12 r. \u015bm.\/, J\u00f3zef\u0119 Sza\u0142ankiewicz of. syn J\u00f3zef z rodzin\u0105 \/poza Parafi\u0105\/<\/h3>\n<\/td>\n<\/tr>\n<tr>\n<td rowspan=\"4\" width=\"166\">\n<h3><strong>Niedziela<\/strong><\/h3>\n<h3><strong>30.03.2025r.<\/strong><\/h3>\n<h3><\/h3>\n<\/td>\n<td width=\"71\">\n<h3><strong>7.30<\/strong><\/h3>\n<\/td>\n<td width=\"457\">\n<h3>+Stanis\u0142aw Dobosz of. s\u0105siedzi z ul B\u0142onie i Owocowej<\/h3>\n<\/td>\n<\/tr>\n<tr>\n<td width=\"71\">\n<h3><strong>9.15<\/strong><\/h3>\n<\/td>\n<td width=\"457\">\n<h3>+Zofia, Bogumi\u0142a, Andrzej Kocha\u0144scy<\/h3>\n<\/td>\n<\/tr>\n<tr>\n<td width=\"71\">\n<h3><strong>11.00<\/strong><\/h3>\n<\/td>\n<td width=\"457\">\n<h3><strong>Za Parafian<\/strong><\/h3>\n<\/td>\n<\/tr>\n<tr>\n<td width=\"71\">\n<h3><strong>16.30<\/strong><\/h3>\n<\/td>\n<td width=\"457\">\n<h3>+J\u00f3zef\u0119 Ziemia\u0144sk\u0105 \/28 r. \u015bm.\/<\/h3>\n<\/td>\n<\/tr>\n<\/tbody>\n<\/table>\n","protected":false},"excerpt":{"rendered":"<p>AD 2025 3 Tydzie\u0144 Wielkiego Postu 24-30.03.2025r. Poniedzia\u0142ek 24.03.2025r. 7.00 +Stanis\u0142aw, Stanis\u0142aw\u0119, Zbigniew Sza\u0142ankiewicz i zm. z rodziny 17.00 1. +Zofia Szajner \/1 r. \u015bm.\/ of. Gra\u017cyna, Robert z rodzin\u0105 2. +Joanna Gocek of. rodzina Kacprzyk\u00f3w \/poza Parafi\u0105\/ Wtorek 25.03.2025r. \u00a0 7.00 -Dzi\u0119kczynna za rodzic\u00f3w, za dar \u017cycia, ojcostwa ,<span class=\"more-link\"><a href=\"https:\/\/parafiabesko.pl\/?p=10994\">Czytaj wi\u0119cej<\/a><\/span><\/p>\n","protected":false},"author":1,"featured_media":0,"comment_status":"closed","ping_status":"open","sticky":false,"template":"","format":"standard","meta":{"footnotes":""},"categories":[4],"tags":[],"class_list":["entry","author-adminparafiibesko","post-10994","post","type-post","status-publish","format-standard","category-intencje-mszalne"],"_links":{"self":[{"href":"https:\/\/parafiabesko.pl\/index.php?rest_route=\/wp\/v2\/posts\/10994","targetHints":{"allow":["GET"]}}],"collection":[{"href":"https:\/\/parafiabesko.pl\/index.php?rest_route=\/wp\/v2\/posts"}],"about":[{"href":"https:\/\/parafiabesko.pl\/index.php?rest_route=\/wp\/v2\/types\/post"}],"author":[{"embeddable":true,"href":"https:\/\/parafiabesko.pl\/index.php?rest_route=\/wp\/v2\/users\/1"}],"replies":[{"embeddable":true,"href":"https:\/\/parafiabesko.pl\/index.php?rest_route=%2Fwp%2Fv2%2Fcomments&post=10994"}],"version-history":[{"count":0,"href":"https:\/\/parafiabesko.pl\/index.php?rest_route=\/wp\/v2\/posts\/10994\/revisions"}],"wp:attachment":[{"href":"https:\/\/parafiabesko.pl\/index.php?rest_route=%2Fwp%2Fv2%2Fmedia&parent=10994"}],"wp:term":[{"taxonomy":"category","embeddable":true,"href":"https:\/\/parafiabesko.pl\/index.php?rest_route=%2Fwp%2Fv2%2Fcategories&post=10994"},{"taxonomy":"post_tag","embeddable":true,"href":"https:\/\/parafiabesko.pl\/index.php?rest_route=%2Fwp%2Fv2%2Ftags&post=10994"}],"curies":[{"name":"wp","href":"https:\/\/api.w.org\/{rel}","templated":true}]}}