{"id":1098,"date":"2013-08-11T05:35:25","date_gmt":"2013-08-11T05:35:25","guid":{"rendered":"http:\/\/parafiabesko.pl\/?p=1098"},"modified":"2013-08-11T05:35:25","modified_gmt":"2013-08-11T05:35:25","slug":"ogloszenia-11-08-2013","status":"publish","type":"post","link":"https:\/\/parafiabesko.pl\/?p=1098","title":{"rendered":"Og\u0142oszenia 11.08.2013"},"content":{"rendered":"<p style=\"text-align: justify;\">\n\t1. Trwa miesi\u0105c sierpie\u0144 czas narodowych zwyci\u0119stw pod sztandarem Maryi, a tak\u017ce miesi\u0105c trze\u017awo\u015bci w naszym narodzie.\n<\/p>\n<p><!--more--><\/p>\n<p style=\"text-align: justify;\">\n\t2. We wtorek o godz. 18.00 Nabo\u017ce\u0144stwo do Mi\u0142osierdzia Bo\u017cego\n<\/p>\n<p style=\"text-align: justify;\">\n\t3. W \u015brod\u0119 14.08. przypada wspomnienie \u015bw. Maksymiliana Marii Kolbego. Odpust w Milczy, uroczysta suma o godz.10.30. We \u015brod\u0119 o godz. 18.00 Nowenna do Matki Bo\u017cej Nieustaj\u0105cej Pomocy.\n<\/p>\n<p style=\"text-align: justify;\">\n\t4. W czwartek 15.08. czci\u0107 b\u0119dziemy NMP w tytule <strong>Wniebowzi\u0119cia,<\/strong> a w tradycji ludowej zwana jest <strong>Matka Bo\u017ca Zielna<\/strong>.\n<\/p>\n<p style=\"text-align: justify;\">\n\t<u>Porz\u0105dek Mszy \u015bw. w t\u0105 Uroczysto\u015b\u0107 w naszej Parafii:<\/u>\n<\/p>\n<p style=\"text-align: justify;\">\n\t&#8211; <strong>Besko<\/strong>;&nbsp; &#8211;&nbsp; rano:7.30,&nbsp;\n<\/p>\n<p style=\"text-align: justify;\">\n\t&nbsp;&nbsp;&nbsp;&nbsp;&nbsp;&nbsp;&nbsp;&nbsp;&nbsp;&nbsp;&nbsp;&nbsp;&nbsp;&nbsp;&nbsp; &#8211;&nbsp; suma o godz. 10.00 z b\u0142ogos\u0142awie\u0144stwem zi&oacute;\u0142 i kwiat&oacute;w,\n<\/p>\n<p style=\"text-align: justify;\">\n\t&nbsp;&nbsp;&nbsp;&nbsp;&nbsp;&nbsp;&nbsp;&nbsp;&nbsp;&nbsp;&nbsp;&nbsp;&nbsp;&nbsp;&nbsp; &#8211;&nbsp; po po\u0142udniu o godz.16.00 &#8211; bez Nieszpor&oacute;w.\n<\/p>\n<p style=\"text-align: justify;\">\n\t&nbsp;&#8211; <strong>Mymo\u0144<\/strong>;&nbsp; 8.30&nbsp;&nbsp; z b\u0142ogos\u0142awie\u0144stwem zi&oacute;\u0142 i kwiat&oacute;w.\n<\/p>\n<p style=\"text-align: justify;\">\n\t&nbsp;&#8211; <strong>Por\u0119by<\/strong>;&nbsp; 10.00&nbsp; z b\u0142ogos\u0142awie\u0144stwem zi&oacute;\u0142 i kwiat&oacute;w.\n<\/p>\n<p style=\"text-align: justify;\">\n\tW tym dniu z racji Roku Wiary mo\u017cna zyska\u0107 odpust zupe\u0142ny pod zwyk\u0142ymi warunkami za udzia\u0142 w celebracji z Wyznaniem wiary.\n<\/p>\n<p style=\"text-align: justify;\">\n\t5. W czwartek 15.08. tradycyjnie o godz. 6.00 z naszego ko\u015bcio\u0142a wyruszy <strong>piesza pielgrzymka do Sanktuarium Matki Bo\u017cej w Starej Wsi<\/strong>. Pielgrzymk\u0119 poprowadzi ksi\u0105dz wikariusz, serdecznie zach\u0119camy do udzia\u0142u w pieszej pielgrzymce. Jednocze\u015bnie przypominamy o mo\u017cliwo\u015bci pielgrzymowania do Starej Wsi autokarem wyjazd o godz. 6.15 z parkingu przy ko\u015bciele &ndash; informacje u p. Anny Stapi\u0144skiej.\n<\/p>\n<p style=\"text-align: justify;\">\n\t6. W tym tygodniu b\u0119dzie zbi&oacute;rka po domach na dalsze prace w naszym nowym ko\u015bciele.<\/p>\n","protected":false},"excerpt":{"rendered":"<p>1. Trwa miesi\u0105c sierpie\u0144 czas narodowych zwyci\u0119stw pod sztandarem Maryi, a tak\u017ce miesi\u0105c trze\u017awo\u015bci w naszym narodzie.<span class=\"more-link\"><a href=\"https:\/\/parafiabesko.pl\/?p=1098\">Czytaj wi\u0119cej<\/a><\/span><\/p>\n","protected":false},"author":1,"featured_media":1059,"comment_status":"closed","ping_status":"open","sticky":false,"template":"","format":"standard","meta":{"footnotes":""},"categories":[7],"tags":[],"class_list":["entry","author-adminparafiibesko","has-more-link","post-1098","post","type-post","status-publish","format-standard","has-post-thumbnail","category-ogloszenia-parafialne"],"_links":{"self":[{"href":"https:\/\/parafiabesko.pl\/index.php?rest_route=\/wp\/v2\/posts\/1098","targetHints":{"allow":["GET"]}}],"collection":[{"href":"https:\/\/parafiabesko.pl\/index.php?rest_route=\/wp\/v2\/posts"}],"about":[{"href":"https:\/\/parafiabesko.pl\/index.php?rest_route=\/wp\/v2\/types\/post"}],"author":[{"embeddable":true,"href":"https:\/\/parafiabesko.pl\/index.php?rest_route=\/wp\/v2\/users\/1"}],"replies":[{"embeddable":true,"href":"https:\/\/parafiabesko.pl\/index.php?rest_route=%2Fwp%2Fv2%2Fcomments&post=1098"}],"version-history":[{"count":0,"href":"https:\/\/parafiabesko.pl\/index.php?rest_route=\/wp\/v2\/posts\/1098\/revisions"}],"wp:featuredmedia":[{"embeddable":true,"href":"https:\/\/parafiabesko.pl\/index.php?rest_route=\/"}],"wp:attachment":[{"href":"https:\/\/parafiabesko.pl\/index.php?rest_route=%2Fwp%2Fv2%2Fmedia&parent=1098"}],"wp:term":[{"taxonomy":"category","embeddable":true,"href":"https:\/\/parafiabesko.pl\/index.php?rest_route=%2Fwp%2Fv2%2Fcategories&post=1098"},{"taxonomy":"post_tag","embeddable":true,"href":"https:\/\/parafiabesko.pl\/index.php?rest_route=%2Fwp%2Fv2%2Ftags&post=1098"}],"curies":[{"name":"wp","href":"https:\/\/api.w.org\/{rel}","templated":true}]}}