{"id":10967,"date":"2025-03-15T17:11:52","date_gmt":"2025-03-15T17:11:52","guid":{"rendered":"https:\/\/parafiabesko.pl\/?p=10967"},"modified":"2025-03-15T17:11:52","modified_gmt":"2025-03-15T17:11:52","slug":"ogloszenia-parafialne-2-niedziela-wielkiego-postu-16-03-2025r","status":"publish","type":"post","link":"https:\/\/parafiabesko.pl\/?p=10967","title":{"rendered":"Og\u0142oszenia parafialne 2 Niedziela Wielkiego Postu 16.03.2025r."},"content":{"rendered":"<h3>Dzisiaj po Mszach \u015bw. zostan\u0105 po\u015bwi\u0119cone obrazy i dewocjonalia nabyte przez Parafian z okazji Peregrynacji obrazu Naj\u015bwi\u0119tszego Serca Pana Jezusa w naszej Parafii.<\/h3>\n<h3>Dzisiaj druga niedziela wielkopostna, jest to <strong>Niedziela Ad gentes<\/strong> \u2013 dzie\u0144 modlitwy w intencji misji i misjonarzy. Po Mszach \u015awi\u0119tych b\u0119dziemy mogli materialnie wesprze\u0107 dzie\u0142o misyjne Ko\u015bcio\u0142a, sk\u0142adaj\u0105c dar serca do puszki przed ko\u015bcio\u0142em.<\/h3>\n<h3>Dzisiaj w Besku o godz. 16.00 <strong>Nabo\u017ce\u0144stwo Gorzkich \u017cali<\/strong> z kazaniem pasyjnym. Adoruje r\u00f3\u017ca Matki Bo\u017cej Bolesnej prze\u0142o\u017cona Anna Sza\u0142ankiewicz . W przysz\u0142\u0105 niedziel\u0119 na Gorzkich \u017calach adoruje r\u00f3\u017ca MB Cz\u0119stochowskiej prze\u0142o\u017cona Helena Folcik. W ko\u015bcio\u0142ach filialnych w niedziel\u0119 <strong>Msza \u015bw. i<\/strong> <strong>Nabo\u017ce\u0144stwo Gorzkich \u017cali<\/strong> w Mymoniu o godz. 8.30, a w Por\u0119bach o godz. 10.00.<\/h3>\n<h3>Od 10 marca trwa Nowenna przed <strong>Uroczysto\u015bci\u0105 \u015bw. J\u00f3zefa, Oblubie\u0144ca NMP.<\/strong><\/h3>\n<h3>We \u015brod\u0119 19 marca <strong>Uroczysto\u015b\u0107 \u015bw. J\u00f3zefa, Oblubie\u0144ca NMP<\/strong> o godz. 17.00 Nowenna do Matki Bo\u017cej Nieustaj\u0105cej.<\/h3>\n<h3>W pi\u0105tek <strong>Nabo\u017ce\u0144stwo Drogi krzy\u017cowej<\/strong> w Besku rano po Mszy \u015bw. o godz. 7.00, po po\u0142udniu o godz. 17.00. W ko\u015bcio\u0142ach filialnych<strong> Nabo\u017ce\u0144stwo Drogi krzy\u017cowej i Komunia \u015bw. <\/strong>w Por\u0119bach o godz. 16.00, a w Mymoniu o godz. 17.00.<\/h3>\n<h3>Sk\u0142adamy podzi\u0119kowanie dla Wojciecha Zubika za napraw\u0119 i odnowienie feretronu z Dzieci\u0105tkiem Jezus. B\u00f3g zap\u0142a\u0107!<\/h3>\n<h3>We czwartek po Mszy \u015bw. wieczorowej spotkanie Akcji Katolickiej.<\/h3>\n<h3>We czwartek po Mszy \u015bw. wieczorowej spotkanie przygotowuj\u0105ce do Bierzmowania dla rodzic\u00f3w klas \u00f3smych.<\/h3>\n<h3>W przysz\u0142\u0105 niedziel\u0119 od godz. 8.00 do 15.00 adoracja Naj\u015bwi\u0119tszego Sakramentu w kaplicy si\u00f3str Felicjanek z okazji uroczysto\u015bci \u015bw. J\u00f3zefa, patrona domu zakonnego. Siostry serdecznie zapraszaj\u0105 na wsp\u00f3ln\u0105 modlitw\u0119.<\/h3>\n","protected":false},"excerpt":{"rendered":"<p>Dzisiaj po Mszach \u015bw. zostan\u0105 po\u015bwi\u0119cone obrazy i dewocjonalia nabyte przez Parafian z okazji Peregrynacji obrazu Naj\u015bwi\u0119tszego Serca Pana Jezusa w naszej Parafii. Dzisiaj druga niedziela wielkopostna, jest to Niedziela Ad gentes \u2013 dzie\u0144 modlitwy w intencji misji i misjonarzy. Po Mszach \u015awi\u0119tych b\u0119dziemy mogli materialnie wesprze\u0107 dzie\u0142o misyjne Ko\u015bcio\u0142a,<span class=\"more-link\"><a href=\"https:\/\/parafiabesko.pl\/?p=10967\">Czytaj wi\u0119cej<\/a><\/span><\/p>\n","protected":false},"author":1,"featured_media":0,"comment_status":"closed","ping_status":"open","sticky":false,"template":"","format":"standard","meta":{"footnotes":""},"categories":[7],"tags":[],"class_list":["entry","author-adminparafiibesko","post-10967","post","type-post","status-publish","format-standard","category-ogloszenia-parafialne"],"_links":{"self":[{"href":"https:\/\/parafiabesko.pl\/index.php?rest_route=\/wp\/v2\/posts\/10967","targetHints":{"allow":["GET"]}}],"collection":[{"href":"https:\/\/parafiabesko.pl\/index.php?rest_route=\/wp\/v2\/posts"}],"about":[{"href":"https:\/\/parafiabesko.pl\/index.php?rest_route=\/wp\/v2\/types\/post"}],"author":[{"embeddable":true,"href":"https:\/\/parafiabesko.pl\/index.php?rest_route=\/wp\/v2\/users\/1"}],"replies":[{"embeddable":true,"href":"https:\/\/parafiabesko.pl\/index.php?rest_route=%2Fwp%2Fv2%2Fcomments&post=10967"}],"version-history":[{"count":0,"href":"https:\/\/parafiabesko.pl\/index.php?rest_route=\/wp\/v2\/posts\/10967\/revisions"}],"wp:attachment":[{"href":"https:\/\/parafiabesko.pl\/index.php?rest_route=%2Fwp%2Fv2%2Fmedia&parent=10967"}],"wp:term":[{"taxonomy":"category","embeddable":true,"href":"https:\/\/parafiabesko.pl\/index.php?rest_route=%2Fwp%2Fv2%2Fcategories&post=10967"},{"taxonomy":"post_tag","embeddable":true,"href":"https:\/\/parafiabesko.pl\/index.php?rest_route=%2Fwp%2Fv2%2Ftags&post=10967"}],"curies":[{"name":"wp","href":"https:\/\/api.w.org\/{rel}","templated":true}]}}