{"id":10965,"date":"2025-03-15T17:06:23","date_gmt":"2025-03-15T17:06:23","guid":{"rendered":"https:\/\/parafiabesko.pl\/?p=10965"},"modified":"2025-03-15T17:06:23","modified_gmt":"2025-03-15T17:06:23","slug":"intencje-mszalne-17-23-03-2025r","status":"publish","type":"post","link":"https:\/\/parafiabesko.pl\/?p=10965","title":{"rendered":"Intencje mszalne 17-23.03.2025r."},"content":{"rendered":"<table border=\"\">\n<tbody>\n<tr>\n<td colspan=\"3\" width=\"695\">\n<h3 style=\"text-align: center;\"><strong>AD 2025<\/strong><\/h3>\n<h3 style=\"text-align: center;\"><strong>2 Tydzie\u0144 Wielkiego Postu<\/strong><\/h3>\n<h3 style=\"text-align: center;\"><strong>17-23.03.2025r.<\/strong><\/h3>\n<\/td>\n<\/tr>\n<tr>\n<td rowspan=\"2\" width=\"166\">\n<h3><strong>Poniedzia\u0142ek<\/strong><\/h3>\n<h3><strong>17.03.2025r.<\/strong><\/h3>\n<h3><\/h3>\n<\/td>\n<td width=\"71\">\n<h3><strong>7.00<\/strong><\/h3>\n<\/td>\n<td width=\"457\">\n<h3>+Zofia Drozd of. koledzy i kole\u017canki \u0141ucji<\/h3>\n<\/td>\n<\/tr>\n<tr>\n<td width=\"71\">\n<h3><strong>17.00<\/strong><\/h3>\n<\/td>\n<td width=\"457\">\n<h3><\/h3>\n<h3>1. +Zbigniew<\/h3>\n<h3>2. +Barbara Godecka\u00a0 of. s\u0105siedzi c\u00f3rki Agnieszki \/poza Parafi\u0105\/<\/h3>\n<\/td>\n<\/tr>\n<tr>\n<td rowspan=\"2\" width=\"166\">\n<h3><strong>Wtorek<\/strong><\/h3>\n<h3><strong>18.03.2025r.<\/strong><\/h3>\n<h3><strong>\u00a0<\/strong><\/h3>\n<h3><\/h3>\n<\/td>\n<td width=\"71\">\n<h3><strong>7.00<\/strong><\/h3>\n<\/td>\n<td width=\"457\">\n<h3>+Stanis\u0142aw<\/h3>\n<\/td>\n<\/tr>\n<tr>\n<td width=\"71\">\n<h3><strong>17.00<\/strong><\/h3>\n<\/td>\n<td width=\"457\">\n<h3><\/h3>\n<h3>1. +Edward, \u0141ukasz, Stanis\u0142aw Chyna\u0142<\/h3>\n<h3>2. +J\u00f3zef Kielar \/20 r. \u015bm.\/, \/poza Parafi\u0105\/<\/h3>\n<h3><\/h3>\n<\/td>\n<\/tr>\n<tr>\n<td rowspan=\"2\" width=\"166\">\n<h3><strong>\u015aroda<\/strong><\/h3>\n<h3><strong>19.03.2025r.<\/strong><\/h3>\n<h3><strong>\u00a0<\/strong><\/h3>\n<h3><strong>\u00a0<\/strong><\/h3>\n<\/td>\n<td width=\"71\">\n<h3><strong>7.00<\/strong><\/h3>\n<\/td>\n<td width=\"457\">\n<h3>+Stanis\u0142aw Skubel<\/h3>\n<\/td>\n<\/tr>\n<tr>\n<td width=\"71\">\n<h3><strong>17.00<\/strong><\/h3>\n<\/td>\n<td width=\"457\">\n<h3><\/h3>\n<h3>1. +Arkadiusz Da\u0144czyszyn<\/h3>\n<h3>2. +J\u00f3zef Rajchel of. Akcja Katolicka \/poza Parafi\u0105\/<\/h3>\n<\/td>\n<\/tr>\n<tr>\n<td rowspan=\"2\" width=\"166\">\n<h3><strong>Czwartek<\/strong><\/h3>\n<h3><strong>20.03.2025r.<\/strong><\/h3>\n<h3><\/h3>\n<\/td>\n<td width=\"71\">\n<h3><strong>7.00<\/strong><\/h3>\n<\/td>\n<td width=\"457\">\n<h3>+J\u00f3zef, Edward Pichut<\/h3>\n<\/td>\n<\/tr>\n<tr>\n<td width=\"71\">\n<h3><strong>17.00<\/strong><\/h3>\n<\/td>\n<td width=\"457\">\n<h3><\/h3>\n<h3>1. +Albin\u0119, Eugeniusz Nycz<\/h3>\n<h3>2. +J\u00f3zef Szybka of. \u017cona i dzieci \/poza Parafi\u0105\/<\/h3>\n<\/td>\n<\/tr>\n<tr>\n<td rowspan=\"2\" width=\"166\">\n<h3><strong>Pi\u0105tek<\/strong><\/h3>\n<h3><strong>21.03.2025r.<\/strong><\/h3>\n<h3><strong>\u00a0<\/strong><\/h3>\n<h3><\/h3>\n<\/td>\n<td width=\"71\">\n<h3><strong>7.00<\/strong><\/h3>\n<\/td>\n<td width=\"457\">\n<h3>+Stanis\u0142aw<\/h3>\n<\/td>\n<\/tr>\n<tr>\n<td width=\"71\">\n<h3><strong>17.00<\/strong><\/h3>\n<\/td>\n<td width=\"457\">\n<h3><\/h3>\n<h3>1. +Teresa Pelczarska<\/h3>\n<h3>2. +Marian Dulewski\u00a0 \/poza Parafi\u0105\/<\/h3>\n<\/td>\n<\/tr>\n<tr>\n<td rowspan=\"2\" width=\"166\">\n<h3><strong>Sobota<\/strong><\/h3>\n<h3><strong>22.03.2025r.<\/strong><\/h3>\n<h3><strong>\u00a0<\/strong><\/h3>\n<h3><\/h3>\n<\/td>\n<td width=\"71\">\n<h3><strong>7.00<\/strong><\/h3>\n<\/td>\n<td width=\"457\">\n<h3>-W 50 urodziny J\u00f3zefy z pro\u015bb\u0105 o opiek\u0119 Bo\u017c\u0105 dla rodziny<\/h3>\n<\/td>\n<\/tr>\n<tr>\n<td width=\"71\">\n<h3><strong>17.00<\/strong><\/h3>\n<\/td>\n<td width=\"457\">\n<h3><\/h3>\n<h3>1. +Barbara Godecka of. s\u0105siedzi c\u00f3rki Agnieszki<\/h3>\n<h3>2. +Piotr, Mieczys\u0142aw, Krystyna Ko\u0142odziej i zm. z rodziny \/poza Parafi\u0105\/<\/h3>\n<\/td>\n<\/tr>\n<tr>\n<td rowspan=\"4\" width=\"166\">\n<h3><strong>Niedziela<\/strong><\/h3>\n<h3><strong>23.03.2025r.<\/strong><\/h3>\n<h3><strong>\u00a0<\/strong><\/h3>\n<h3><\/h3>\n<\/td>\n<td width=\"71\">\n<h3><strong>7.30<\/strong><\/h3>\n<\/td>\n<td width=\"457\">\n<h3>+Edward \u015aliwka w rocznic\u0119 \u015bmierci<\/h3>\n<\/td>\n<\/tr>\n<tr>\n<td width=\"71\">\n<h3><strong>9.15<\/strong><\/h3>\n<\/td>\n<td width=\"457\">\n<h3>+Wanda Andrzej Wo\u0142cza\u0144scy<\/h3>\n<\/td>\n<\/tr>\n<tr>\n<td width=\"71\">\n<h3><strong>11.00<\/strong><\/h3>\n<\/td>\n<td width=\"457\">\n<h3><strong>Za Parafian<\/strong><\/h3>\n<\/td>\n<\/tr>\n<tr>\n<td width=\"71\">\n<h3><strong>16.30<\/strong><\/h3>\n<\/td>\n<td width=\"457\">\n<h3>+Za zmar\u0142e siostry z r\u00f3\u017cy MB Rodzicielki prze\u0142o\u017cona Helena Kuzian<\/h3>\n<\/td>\n<\/tr>\n<\/tbody>\n<\/table>\n","protected":false},"excerpt":{"rendered":"<p>AD 2025 2 Tydzie\u0144 Wielkiego Postu 17-23.03.2025r. Poniedzia\u0142ek 17.03.2025r. 7.00 +Zofia Drozd of. koledzy i kole\u017canki \u0141ucji 17.00 1. +Zbigniew 2. +Barbara Godecka\u00a0 of. s\u0105siedzi c\u00f3rki Agnieszki \/poza Parafi\u0105\/ Wtorek 18.03.2025r. \u00a0 7.00 +Stanis\u0142aw 17.00 1. +Edward, \u0141ukasz, Stanis\u0142aw Chyna\u0142 2. +J\u00f3zef Kielar \/20 r. \u015bm.\/, \/poza Parafi\u0105\/ \u015aroda 19.03.2025r.<span class=\"more-link\"><a href=\"https:\/\/parafiabesko.pl\/?p=10965\">Czytaj wi\u0119cej<\/a><\/span><\/p>\n","protected":false},"author":1,"featured_media":0,"comment_status":"closed","ping_status":"open","sticky":false,"template":"","format":"standard","meta":{"footnotes":""},"categories":[4],"tags":[],"class_list":["entry","author-adminparafiibesko","post-10965","post","type-post","status-publish","format-standard","category-intencje-mszalne"],"_links":{"self":[{"href":"https:\/\/parafiabesko.pl\/index.php?rest_route=\/wp\/v2\/posts\/10965","targetHints":{"allow":["GET"]}}],"collection":[{"href":"https:\/\/parafiabesko.pl\/index.php?rest_route=\/wp\/v2\/posts"}],"about":[{"href":"https:\/\/parafiabesko.pl\/index.php?rest_route=\/wp\/v2\/types\/post"}],"author":[{"embeddable":true,"href":"https:\/\/parafiabesko.pl\/index.php?rest_route=\/wp\/v2\/users\/1"}],"replies":[{"embeddable":true,"href":"https:\/\/parafiabesko.pl\/index.php?rest_route=%2Fwp%2Fv2%2Fcomments&post=10965"}],"version-history":[{"count":0,"href":"https:\/\/parafiabesko.pl\/index.php?rest_route=\/wp\/v2\/posts\/10965\/revisions"}],"wp:attachment":[{"href":"https:\/\/parafiabesko.pl\/index.php?rest_route=%2Fwp%2Fv2%2Fmedia&parent=10965"}],"wp:term":[{"taxonomy":"category","embeddable":true,"href":"https:\/\/parafiabesko.pl\/index.php?rest_route=%2Fwp%2Fv2%2Fcategories&post=10965"},{"taxonomy":"post_tag","embeddable":true,"href":"https:\/\/parafiabesko.pl\/index.php?rest_route=%2Fwp%2Fv2%2Ftags&post=10965"}],"curies":[{"name":"wp","href":"https:\/\/api.w.org\/{rel}","templated":true}]}}