{"id":10958,"date":"2025-03-07T21:38:10","date_gmt":"2025-03-07T21:38:10","guid":{"rendered":"https:\/\/parafiabesko.pl\/?p=10958"},"modified":"2025-03-07T21:38:10","modified_gmt":"2025-03-07T21:38:10","slug":"ogloszenia-parafialne-1-niedziela-wielkiego-postu-9-03-2025r","status":"publish","type":"post","link":"https:\/\/parafiabesko.pl\/?p=10958","title":{"rendered":"Og\u0142oszenia parafialne 1 Niedziela Wielkiego Postu 9.03.2025r."},"content":{"rendered":"<h3>Dzisiaj w Besku o godz. 16.00 <strong>Nabo\u017ce\u0144stwo Gorzkich \u017cali<\/strong> z kazaniem pasyjnym. Adoruje r\u00f3\u017ca Matki Bo\u017cej R\u00f3\u017ca\u0144cowej prze\u0142o\u017cona Beata Hedesz. W przysz\u0142\u0105 niedziel\u0119 na Gorzkich \u017calach adoruje r\u00f3\u017ca Matki Bo\u017cej Bolesnej prze\u0142o\u017cona Anna Sza\u0142ankiewicz. Taca z tego nabo\u017ce\u0144stwa tradycyjnie jest przeznaczona na dekoracj\u0119 i kwiaty do Ciemnicy i Bo\u017cego Grobu. W ko\u015bcio\u0142ach filialnych w niedziel\u0119 <strong>Msza \u015bwi\u0119ta i<\/strong> <strong>Nabo\u017ce\u0144stwo Gorzkich \u017cali<\/strong> w Mymoniu o godz. 8.30, a w Por\u0119bach o godz. 10.00.<\/h3>\n<h3>Jutro 10 marca w poniedzia\u0142ek rozpoczyna si\u0119 Nowenna przed Uroczysto\u015bci\u0105 \u015bw. J\u00f3zefa, Mszy \u015bw. wieczorowej w poniedzia\u0142ek nie b\u0119dzie ze wzgl\u0119du na rejonow\u0105 kongregacj\u0119 kap\u0142a\u0144sk\u0105.<\/h3>\n<h3>W pi\u0105tek <strong>Nabo\u017ce\u0144stwo Drogi krzy\u017cowej<\/strong> w Besku rano po Mszy \u015bw. o godz. 7.00, po po\u0142udniu o godz. 17.00. W ko\u015bcio\u0142ach filialnych Nabo\u017ce\u0144stwo Drogi krzy\u017cowej i Komunia \u015bw. w Por\u0119bach o godz. 16.00, a w Mymoniu o godz. 17.00.<\/h3>\n<h3>Za tydzie\u0144 sk\u0142adka do puszek na misje <strong><em>ad gentes.<\/em><\/strong><\/h3>\n<h3>Po Mszach \u015bwi\u0119tych mo\u017cna naby\u0107 \u015bwiece paschaliki przygotowane przez Caritas. Wielkanocne Dzie\u0142o Pomocy Chorym i Niepe\u0142nosprawnym. Caritas rozprowadza paschaliki na st\u00f3\u0142 \u015bwi\u0105teczny. Ofiary 15 z\u0142 za paschalik. R\u00f3wnocze\u015bnie Caritas dzi\u0119kuje za przekazanie 1% podatku na rzecz Stowarzyszenia Caritas.<\/h3>\n<h3>W przysz\u0142\u0105 niedziel\u0119 zapraszamy na sum\u0119 o godz. 11.00 dzieci klasy trzeciej i rodzic\u00f3w na obrz\u0119d wr\u0119czenia po\u015bwi\u0119cony ksi\u0105\u017ceczek, a po ka\u017cdej Mszy \u015bw. zostan\u0105 po\u015bwi\u0119cenie obrazy i dewocjonalia nabyte przez Parafian z okazji Peregrynacji obrazu Naj\u015bwi\u0119tszego Serca Pana Jezusa w naszej Parafii.<\/h3>\n","protected":false},"excerpt":{"rendered":"<p>Dzisiaj w Besku o godz. 16.00 Nabo\u017ce\u0144stwo Gorzkich \u017cali z kazaniem pasyjnym. Adoruje r\u00f3\u017ca Matki Bo\u017cej R\u00f3\u017ca\u0144cowej prze\u0142o\u017cona Beata Hedesz. W przysz\u0142\u0105 niedziel\u0119 na Gorzkich \u017calach adoruje r\u00f3\u017ca Matki Bo\u017cej Bolesnej prze\u0142o\u017cona Anna Sza\u0142ankiewicz. Taca z tego nabo\u017ce\u0144stwa tradycyjnie jest przeznaczona na dekoracj\u0119 i kwiaty do Ciemnicy i Bo\u017cego Grobu.<span class=\"more-link\"><a href=\"https:\/\/parafiabesko.pl\/?p=10958\">Czytaj wi\u0119cej<\/a><\/span><\/p>\n","protected":false},"author":1,"featured_media":0,"comment_status":"closed","ping_status":"open","sticky":false,"template":"","format":"standard","meta":{"footnotes":""},"categories":[7],"tags":[],"class_list":["entry","author-adminparafiibesko","post-10958","post","type-post","status-publish","format-standard","category-ogloszenia-parafialne"],"_links":{"self":[{"href":"https:\/\/parafiabesko.pl\/index.php?rest_route=\/wp\/v2\/posts\/10958","targetHints":{"allow":["GET"]}}],"collection":[{"href":"https:\/\/parafiabesko.pl\/index.php?rest_route=\/wp\/v2\/posts"}],"about":[{"href":"https:\/\/parafiabesko.pl\/index.php?rest_route=\/wp\/v2\/types\/post"}],"author":[{"embeddable":true,"href":"https:\/\/parafiabesko.pl\/index.php?rest_route=\/wp\/v2\/users\/1"}],"replies":[{"embeddable":true,"href":"https:\/\/parafiabesko.pl\/index.php?rest_route=%2Fwp%2Fv2%2Fcomments&post=10958"}],"version-history":[{"count":0,"href":"https:\/\/parafiabesko.pl\/index.php?rest_route=\/wp\/v2\/posts\/10958\/revisions"}],"wp:attachment":[{"href":"https:\/\/parafiabesko.pl\/index.php?rest_route=%2Fwp%2Fv2%2Fmedia&parent=10958"}],"wp:term":[{"taxonomy":"category","embeddable":true,"href":"https:\/\/parafiabesko.pl\/index.php?rest_route=%2Fwp%2Fv2%2Fcategories&post=10958"},{"taxonomy":"post_tag","embeddable":true,"href":"https:\/\/parafiabesko.pl\/index.php?rest_route=%2Fwp%2Fv2%2Ftags&post=10958"}],"curies":[{"name":"wp","href":"https:\/\/api.w.org\/{rel}","templated":true}]}}