{"id":10956,"date":"2025-03-07T21:34:41","date_gmt":"2025-03-07T21:34:41","guid":{"rendered":"https:\/\/parafiabesko.pl\/?p=10956"},"modified":"2025-03-07T21:34:41","modified_gmt":"2025-03-07T21:34:41","slug":"intencje-mszalne-10-16-03-2025r","status":"publish","type":"post","link":"https:\/\/parafiabesko.pl\/?p=10956","title":{"rendered":"Intencje mszalne 10-16.03.2025r."},"content":{"rendered":"<table>\n<tbody>\n<tr>\n<td width=\"166\"><strong>Poniedzia\u0142ek<\/strong><\/p>\n<p><strong>10.03.2025r.<\/strong><\/p>\n<p>&nbsp;<\/td>\n<td width=\"71\"><strong>7.00<\/strong><\/td>\n<td width=\"457\">1. +Wojciech \u017b\u00f3\u0142kiewicz of. w\u0142a\u015bciciele i pracownicy Delikates\u00f3w Centrum w Besku<\/p>\n<p>2. +Adam. Bronis\u0142aw\u0119 Szuba<\/p>\n<p>3. +J\u00f3zef\u0119, Julian Bia\u0142as \/poza Parafi\u0105\/<\/td>\n<\/tr>\n<tr>\n<td rowspan=\"2\" width=\"166\"><strong>Wtorek<\/strong><\/p>\n<p><strong>11.03.2025r.<\/strong><\/p>\n<p><strong>\u00a0<\/strong><\/p>\n<p>&nbsp;<\/td>\n<td width=\"71\"><strong>7.00<\/strong><\/td>\n<td width=\"457\">+Witold B\u0142a\u017c of. szwagier Witold z rodzin\u0105<\/td>\n<\/tr>\n<tr>\n<td width=\"71\"><strong>17.00<\/strong><\/td>\n<td width=\"457\">1. +Jan, J\u00f3zef\u0119, Stanis\u0142aw, J\u00f3zef, Tomasz Bury i Wac\u0142aw Krupianik<\/p>\n<p>2. +Rafael\u0119, Sandr\u0119 of. Teresa \/poza Parafi\u0105\/<\/td>\n<\/tr>\n<tr>\n<td rowspan=\"2\" width=\"166\"><strong>\u015aroda<\/strong><\/p>\n<p><strong>12.03.2025r.<\/strong><\/p>\n<p><strong>\u00a0<\/strong><\/p>\n<p><strong>\u00a0<\/strong><\/td>\n<td width=\"71\"><strong>7.00<\/strong><\/td>\n<td width=\"457\">+J\u00f3zef Wr\u00f3bel of. Szczepan z rodzin\u0105<\/td>\n<\/tr>\n<tr>\n<td width=\"71\"><strong>17.00<\/strong><\/td>\n<td width=\"457\">1. +Edward Ja\u015blar of. c\u00f3rka Ewa z rodzin\u0105<\/p>\n<p>2. +J\u00f3zef Sza\u0142ankiewicz \/poza Parafi\u0105\/<\/td>\n<\/tr>\n<tr>\n<td rowspan=\"2\" width=\"166\"><strong>Czwartek<\/strong><\/p>\n<p><strong>13.03.2025r.<\/strong><\/p>\n<p><strong>\u00a0<\/strong><\/p>\n<p>&nbsp;<\/td>\n<td width=\"71\"><strong>7.00<\/strong><\/td>\n<td width=\"457\">+Joanna Gacek of. przyjaciele<\/td>\n<\/tr>\n<tr>\n<td width=\"71\"><strong>17.00<\/strong><\/td>\n<td width=\"457\">1. +Krystyna Mroczkowska<\/p>\n<p>2. +Eugenia, Henryk Szul of. syn z rodzin\u0105 \/poza Parafi\u0105\/<\/td>\n<\/tr>\n<tr>\n<td rowspan=\"2\" width=\"166\"><strong>Pi\u0105tek<\/strong><\/p>\n<p><strong>14.03.2025r.<\/strong><\/p>\n<p><strong>\u00a0<\/strong><\/p>\n<p>&nbsp;<\/td>\n<td width=\"71\"><strong>7.00<\/strong><\/td>\n<td width=\"457\">+Henryk, Genowefa i zm. z rodziny<\/td>\n<\/tr>\n<tr>\n<td width=\"71\"><strong>17.00<\/strong><\/td>\n<td width=\"457\">1. \u2013W 18 urodziny Natalii z pro\u015bb\u0105 o opiek\u0119 Bo\u017c\u0105 w doros\u0142ym \u017cyciu<\/p>\n<p>2. +Felicja, El\u017cbieta, Adam \/poza Parafi\u0105\/<\/td>\n<\/tr>\n<tr>\n<td rowspan=\"2\" width=\"166\"><strong>Sobota<\/strong><\/p>\n<p><strong>15.03.2025r.<\/strong><\/p>\n<p><strong>\u00a0<\/strong><\/p>\n<p>&nbsp;<\/td>\n<td width=\"71\"><strong>7.00<\/strong><\/td>\n<td width=\"457\">+Za dusze w czyjscu cierpi\u0105ce<\/td>\n<\/tr>\n<tr>\n<td width=\"71\"><strong>17.00<\/strong><\/td>\n<td width=\"457\">1. \u2013Dzi\u0119kczynna w 10 urodziny Julii z pro\u015bb\u0105 o b\u0142og. Bo\u017ce i opiek\u0119 Matki Bo\u017cej<\/p>\n<p>2. +Wojciech \u017b\u00f3\u0142kiewicz of. rodzina Mroczkowskich \/poza Parafi\u0105\/<\/td>\n<\/tr>\n<tr>\n<td rowspan=\"4\" width=\"166\"><strong>Niedziela<\/strong><\/p>\n<p><strong>16.03.2025r.<\/strong><\/p>\n<p><strong>\u00a0<\/strong><\/p>\n<p>&nbsp;<\/td>\n<td width=\"71\"><strong>7.30<\/strong><\/td>\n<td width=\"457\">+Edward Knurek i zm. z rodziny<\/td>\n<\/tr>\n<tr>\n<td width=\"71\"><strong>9.15<\/strong><\/td>\n<td width=\"457\">+J\u00f3zef, Domicel\u0119<\/td>\n<\/tr>\n<tr>\n<td width=\"71\"><strong>11.00<\/strong><\/td>\n<td width=\"457\"><strong>Za Parafian<\/strong><\/td>\n<\/tr>\n<tr>\n<td width=\"71\"><strong>16.30<\/strong><\/td>\n<td width=\"457\">+Cecylia \/3 r. \u015bm.\/, W\u0142adys\u0142aw Ciep\u0142y i zm. z rodziny of. J\u00f3zef z rodzin\u0105<\/td>\n<\/tr>\n<\/tbody>\n<\/table>\n","protected":false},"excerpt":{"rendered":"<p>Poniedzia\u0142ek 10.03.2025r. &nbsp; 7.00 1. +Wojciech \u017b\u00f3\u0142kiewicz of. w\u0142a\u015bciciele i pracownicy Delikates\u00f3w Centrum w Besku 2. +Adam. Bronis\u0142aw\u0119 Szuba 3. +J\u00f3zef\u0119, Julian Bia\u0142as \/poza Parafi\u0105\/ Wtorek 11.03.2025r. \u00a0 &nbsp; 7.00 +Witold B\u0142a\u017c of. szwagier Witold z rodzin\u0105 17.00 1. +Jan, J\u00f3zef\u0119, Stanis\u0142aw, J\u00f3zef, Tomasz Bury i Wac\u0142aw Krupianik 2. +Rafael\u0119,<span class=\"more-link\"><a href=\"https:\/\/parafiabesko.pl\/?p=10956\">Czytaj wi\u0119cej<\/a><\/span><\/p>\n","protected":false},"author":1,"featured_media":0,"comment_status":"closed","ping_status":"open","sticky":false,"template":"","format":"standard","meta":{"footnotes":""},"categories":[4],"tags":[],"class_list":["entry","author-adminparafiibesko","post-10956","post","type-post","status-publish","format-standard","category-intencje-mszalne"],"_links":{"self":[{"href":"https:\/\/parafiabesko.pl\/index.php?rest_route=\/wp\/v2\/posts\/10956","targetHints":{"allow":["GET"]}}],"collection":[{"href":"https:\/\/parafiabesko.pl\/index.php?rest_route=\/wp\/v2\/posts"}],"about":[{"href":"https:\/\/parafiabesko.pl\/index.php?rest_route=\/wp\/v2\/types\/post"}],"author":[{"embeddable":true,"href":"https:\/\/parafiabesko.pl\/index.php?rest_route=\/wp\/v2\/users\/1"}],"replies":[{"embeddable":true,"href":"https:\/\/parafiabesko.pl\/index.php?rest_route=%2Fwp%2Fv2%2Fcomments&post=10956"}],"version-history":[{"count":0,"href":"https:\/\/parafiabesko.pl\/index.php?rest_route=\/wp\/v2\/posts\/10956\/revisions"}],"wp:attachment":[{"href":"https:\/\/parafiabesko.pl\/index.php?rest_route=%2Fwp%2Fv2%2Fmedia&parent=10956"}],"wp:term":[{"taxonomy":"category","embeddable":true,"href":"https:\/\/parafiabesko.pl\/index.php?rest_route=%2Fwp%2Fv2%2Fcategories&post=10956"},{"taxonomy":"post_tag","embeddable":true,"href":"https:\/\/parafiabesko.pl\/index.php?rest_route=%2Fwp%2Fv2%2Ftags&post=10956"}],"curies":[{"name":"wp","href":"https:\/\/api.w.org\/{rel}","templated":true}]}}