{"id":10947,"date":"2025-03-01T15:36:30","date_gmt":"2025-03-01T15:36:30","guid":{"rendered":"https:\/\/parafiabesko.pl\/?p=10947"},"modified":"2025-03-01T15:36:30","modified_gmt":"2025-03-01T15:36:30","slug":"nabozenstwa-drogi-krzyzowej-w-parafii-besko-2025-rok","status":"publish","type":"post","link":"https:\/\/parafiabesko.pl\/?p=10947","title":{"rendered":"NABO\u017bE\u0143STWA DROGI KRZY\u017bOWEJ  W PARAFII BESKO 2025 ROK"},"content":{"rendered":"<h1 style=\"text-align: center;\"><strong><u>NABO\u017bE\u0143STWA DROGI KRZY\u017bOWEJ <\/u><\/strong><\/h1>\n<h1 style=\"text-align: center;\"><strong><u>W PARAFII BESKO <\/u><\/strong><\/h1>\n<h1 style=\"text-align: center;\"><strong><u>2025 ROK<\/u><\/strong><\/h1>\n<h1><strong><u>\u00a0<\/u><\/strong><\/h1>\n<table width=\"614\">\n<tbody>\n<tr>\n<td width=\"202\">\n<h1><strong>Data<\/strong><\/h1>\n<\/td>\n<td width=\"412\">\n<h1><strong>Prowadz\u0105cy<\/strong><\/h1>\n<\/td>\n<\/tr>\n<tr>\n<td width=\"202\">\n<h1>7 marzec<\/h1>\n<\/td>\n<td width=\"412\">\n<h1>Akcja Katolicka<\/h1>\n<\/td>\n<\/tr>\n<tr>\n<td width=\"202\">\n<h1>14 marzec<\/h1>\n<\/td>\n<td width=\"412\">\n<h1>Dojrza\u0142a schola parafialna<\/h1>\n<\/td>\n<\/tr>\n<tr>\n<td width=\"202\">\n<h1>21 marzec<\/h1>\n<\/td>\n<td width=\"412\">\n<h1>Przedszkole si\u00f3str Felicjanek<\/h1>\n<\/td>\n<\/tr>\n<tr>\n<td width=\"202\">\n<h1>28 marzec<\/h1>\n<\/td>\n<td width=\"412\">\n<h1>KSM + ministranci<\/h1>\n<\/td>\n<\/tr>\n<tr>\n<td width=\"202\">\n<h1>4 kwiecie\u0144<\/h1>\n<\/td>\n<td width=\"412\">\n<h1>Domowy Ko\u015bci\u00f3\u0142 + KWC<\/h1>\n<\/td>\n<\/tr>\n<tr>\n<td width=\"202\">\n<h1>11 kwiecie\u0144<\/h1>\n<\/td>\n<td width=\"412\">\n<h1>M\u0142odzie\u017cowa schola Parafialna<\/h1>\n<\/td>\n<\/tr>\n<\/tbody>\n<\/table>\n","protected":false},"excerpt":{"rendered":"<p>NABO\u017bE\u0143STWA DROGI KRZY\u017bOWEJ W PARAFII BESKO 2025 ROK \u00a0 Data Prowadz\u0105cy 7 marzec Akcja Katolicka 14 marzec Dojrza\u0142a schola parafialna 21 marzec Przedszkole si\u00f3str Felicjanek 28 marzec KSM + ministranci 4 kwiecie\u0144 Domowy Ko\u015bci\u00f3\u0142 + KWC 11 kwiecie\u0144 M\u0142odzie\u017cowa schola Parafialna<span class=\"more-link\"><a href=\"https:\/\/parafiabesko.pl\/?p=10947\">Czytaj wi\u0119cej<\/a><\/span><\/p>\n","protected":false},"author":1,"featured_media":0,"comment_status":"closed","ping_status":"open","sticky":false,"template":"","format":"standard","meta":{"footnotes":""},"categories":[6],"tags":[],"class_list":["entry","author-adminparafiibesko","post-10947","post","type-post","status-publish","format-standard","category-uncategorized"],"_links":{"self":[{"href":"https:\/\/parafiabesko.pl\/index.php?rest_route=\/wp\/v2\/posts\/10947","targetHints":{"allow":["GET"]}}],"collection":[{"href":"https:\/\/parafiabesko.pl\/index.php?rest_route=\/wp\/v2\/posts"}],"about":[{"href":"https:\/\/parafiabesko.pl\/index.php?rest_route=\/wp\/v2\/types\/post"}],"author":[{"embeddable":true,"href":"https:\/\/parafiabesko.pl\/index.php?rest_route=\/wp\/v2\/users\/1"}],"replies":[{"embeddable":true,"href":"https:\/\/parafiabesko.pl\/index.php?rest_route=%2Fwp%2Fv2%2Fcomments&post=10947"}],"version-history":[{"count":0,"href":"https:\/\/parafiabesko.pl\/index.php?rest_route=\/wp\/v2\/posts\/10947\/revisions"}],"wp:attachment":[{"href":"https:\/\/parafiabesko.pl\/index.php?rest_route=%2Fwp%2Fv2%2Fmedia&parent=10947"}],"wp:term":[{"taxonomy":"category","embeddable":true,"href":"https:\/\/parafiabesko.pl\/index.php?rest_route=%2Fwp%2Fv2%2Fcategories&post=10947"},{"taxonomy":"post_tag","embeddable":true,"href":"https:\/\/parafiabesko.pl\/index.php?rest_route=%2Fwp%2Fv2%2Ftags&post=10947"}],"curies":[{"name":"wp","href":"https:\/\/api.w.org\/{rel}","templated":true}]}}