{"id":10944,"date":"2025-03-01T15:31:02","date_gmt":"2025-03-01T15:31:02","guid":{"rendered":"https:\/\/parafiabesko.pl\/?p=10944"},"modified":"2025-03-01T15:31:02","modified_gmt":"2025-03-01T15:31:02","slug":"ogloszenia-parafialne-8-niedziela-zwykla-2-03-2025r","status":"publish","type":"post","link":"https:\/\/parafiabesko.pl\/?p=10944","title":{"rendered":"Og\u0142oszenia parafialne 8 Niedziela zwyk\u0142a 2.03.2025r."},"content":{"rendered":"<h3>W zwi\u0105zku z zaistnia\u0142\u0105 sytuacj\u0105 w naszej Parafii od lutego 2025 roku pos\u0142uguje dw\u00f3ch kap\u0142an\u00f3w, a nie trzech, dlatego prosimy o zdyscyplinowanie je\u017celi chodzi o korzystanie ze spowiedzi \u015bwi\u0119tej. W niedziel\u0119 do po\u0142udnia jeden kap\u0142an w ko\u015bciele parafialnym odprawia trzy Msze \u015bw., drugi pos\u0142uguje w ko\u015bcio\u0142ach filialnych<u>, dlatego w niedziel\u0119 w ko\u015bciele parafialnym w Besku okazji do spowiedzi jest niewiele.<\/u> Prosimy Parafian, aby z sakramentu spowiedzi \u015bwi\u0119tej korzystali w dni powszednie przed Msz\u0105 \u015bw.<\/h3>\n<h3>Na czas Wielkiego Postu ks. abp Adam Szal do naszej Parafii na praktyk\u0119 diako\u0144sk\u0105 wyznaczy\u0142 diakona naszego Seminarium &#8211; Krzysztofa Matusiaka, kt\u00f3ry b\u0119dzie uczy\u0142 religii dzieci w szkole i pomaga\u0142 w duszpasterstwie parafialnym.<\/h3>\n<h3>Przyj\u0119te Msze \u015bw. terminowe dla trzeciego ksi\u0119dza s\u0105 odprawiane poza nasz\u0105 Parafi\u0105 a w naszej \u015bwi\u0105tyni modlimy si\u0119 te\u017c w tych intencjach. Parafia nie przyjmuje intencji terminowych.<\/h3>\n<h3>Dzisiaj w naszej Parafii <strong>Niedziela Adoracyjna<\/strong>, od godz. 12.00 do 16.00 prywatna adoracja rodzin naszej Parafii. O godz. 16.00 nabo\u017ce\u0144stwo r\u00f3\u017ca\u0144cowe i zmiana tajemnic, adoruje r\u00f3\u017ca Matki Bo\u017cej Rodzicielki prze\u0142o\u017cona Helena Kuzian.<\/h3>\n<h3>Taca z dzisiejszej niedzieli przeznaczona jest na Wy\u017csze Seminarium Duchowne w Przemy\u015blu.<\/h3>\n<h3>W poniedzia\u0142ek o godz. 17.00 modlitwa przy relikwiach \u015bw. Jana Paw\u0142a II.<\/h3>\n<h3>We wtorek o godz. 17.00 Nabo\u017ce\u0144stwo do Bo\u017cego Mi\u0142osierdzia.<\/h3>\n<h3>W tym tygodniu przypada <strong>\u015aroda Popielcowa<\/strong><\/h3>\n<h3><strong><em><u>PRZEPISY POSTNE<\/u><\/em><\/strong><\/h3>\n<ol>\n<li>\n<h3><em><br \/>\nWstrzymanie si\u0119 od pokarm\u00f3w mi\u0119snych obowi\u0105zuje:<\/em><em><br \/>\na) we wszystkie pi\u0105tki w roku,<br \/>\nb) w \u015arod\u0119 Popielcow\u0105 i Wielki Pi\u0105tek<br \/>\nc) 24 grudnia zach\u0119ca si\u0119, aby nie spo\u017cywa\u0107 mi\u0119sa,<br \/>\nNie ma obowi\u0105zku wstrzemi\u0119\u017aliwo\u015bci je\u017celi w pi\u0105tek wypadnie Uroczysto\u015b\u0107.<\/em><\/h3>\n<\/li>\n<li>\n<h3><em><br \/>\n<strong>2. Wstrzymanie si\u0119 od pokarm\u00f3w mi\u0119snych i zachowanie postu ilo\u015bciowego:<br \/>\na) w \u015arod\u0119 Popielcow\u0105,<br \/>\nb) w Wielki Pi\u0105tek.<\/strong><br \/>\nWstrzymanie si\u0119 od pokarm\u00f3w mi\u0119snych obowi\u0105zuje wiernych, kt\u00f3rzy uko\u0144czyli 14 rok \u017cycia, natomiast post \u015bcis\u0142y tych, kt\u00f3rzy uko\u0144czyli 18 rok \u017cycia, a nie rozpocz\u0119li 60-tego.<br \/>\nWolni s\u0105 od obowi\u0105zku wstrzymania si\u0119 od potraw mi\u0119snych w pi\u0105tki:<br \/>\na) Wszyscy, kt\u00f3rzy sto\u0142uj\u0105 si\u0119 w zak\u0142adach zbiorowego \u017cywienia, w kt\u00f3rych nie s\u0105 przestrzegane ko\u015bcielne przepisy postne,<br \/>\nb) Wszyscy, kt\u00f3rzy nie maj\u0105 mo\u017cliwo\u015bci wyboru potraw, a musz\u0105 spo\u017cywa\u0107 to, co jest dost\u0119pne do spo\u017cycia.<br \/>\nDyspensa nie dotyczy \u015arody Popielcowej i Wielkiego Pi\u0105tku.<br \/>\nWierni korzystaj\u0105cy z dyspensy powinni pomodli\u0107 si\u0119 w intencji Ojca \u015awi\u0119tego oraz z\u0142o\u017cy\u0107 drobn\u0105 ofiar\u0119 do skarbonki z napisem \u201eJa\u0142mu\u017cna postna\u201d, albo cz\u0119\u015bciej spe\u0142nia\u0107 uczynki mi\u0142osierdzia chrze\u015bcija\u0144skiego.<\/em><\/h3>\n<\/li>\n<\/ol>\n<h3>W <strong>\u015arod\u0119 Popielcow\u0105<\/strong> Msze \u015bw. z posypywaniem g\u0142\u00f3w popio\u0142em w Besku o godz. 7.00 i 17.00, a w ko\u015bcio\u0142ach filialnych o godz. 15.30.<\/h3>\n<h3><strong>Komunikat Metropolity Przemyskiego<\/strong><\/h3>\n<h3><strong>\u00a0\u00a0 Wielki Post, kt\u00f3ry rozpoczniemy w najbli\u017csz\u0105 \u015arod\u0119 Popielcow\u0105, to czas, w kt\u00f3rym jeste\u015bmy szczeg\u00f3lnie wezwani do nawr\u00f3cenia i akt\u00f3w pokuty. Drog\u0119 do Boga w tym okresie wyznaczaj\u0105 nam gorliwa modlitwa, post jako umartwienie oraz ja\u0142mu\u017cna \u2013 konkretny akt solidarno\u015bci z potrzebuj\u0105cymi. \u00a0\u00a0Prze\u017cywany Rok Jubileuszowy pod has\u0142em \u201ePielgrzymi Nadziei\u201d powinien motywowa\u0107 nas, by\u015bmy dawali nadziej\u0119 tym, kt\u00f3rzy j\u0105 z r\u00f3\u017cnych przyczyn utracili, za\u015b w\u015br\u00f3d najbardziej potrzebuj\u0105cych s\u0105 chorzy i cierpi\u0105cy.<\/strong> W tym wyj\u0105tkowym okresie warto, by\u015bmy podj\u0119li konkretne formy uczynk\u00f3w mi\u0142osierdzia i solidarno\u015bci z tymi, kt\u00f3rzy cierpi\u0105. Z tego wzgl\u0119du zwracam si\u0119 z pro\u015bb\u0105, aby\u00a0<strong>sk\u0142adka zebrana w \u015arod\u0119 Popielcow\u0105 w ko\u015bcio\u0142ach naszej Archidiecezji by\u0142a form\u0105 wielkopostnej ja\u0142mu\u017cny na rzecz podopiecznych Hospicjum prowadzonego przez\u00a0<\/strong><a href=\"https:\/\/caritas.przemyska.pl\/\"><strong>Caritas Archidiecezji Przemyskiej<\/strong><\/a><strong>.<\/strong>\u00a0\u00a0 Hospicjum Caritas to miejsce, w kt\u00f3rym najbardziej potrzebuj\u0105cy, chorzy i umieraj\u0105cy otrzymuj\u0105 pomoc i wsparcie w trudnych i ostatnich chwilach \u017cycia. Nasza ofiarno\u015b\u0107 pomo\u017ce w zapewnieniu codziennego funkcjonowania plac\u00f3wki oraz godnych warunk\u00f3w pobytu i leczenia.<\/h3>\n<h3><em>+ abp Adam Szal<\/em><br \/>\n<em>Metropolita Przemyski<\/em><\/h3>\n<h3>Pierwszy czwartek miesi\u0105ca od godz. 16.00 spowied\u017a dzieci i m\u0142odzie\u017cy przed pierwszym pi\u0105tkiem miesi\u0105ca, o godz. 17.00 Godzina \u015bwi\u0119ta i Msza \u015bw.<\/h3>\n<h3>Pierwszy pi\u0105tek miesi\u0105ca <strong>Nabo\u017ce\u0144stwo Drogi krzy\u017cowej<\/strong> w Besku rano po Mszy \u015bw. o godz. 7.00, po po\u0142udniu o godz. 17.00. Zach\u0119camy dzieci, m\u0142odzie\u017c i starszych od udzia\u0142u w rozwa\u017caniu M\u0119ki Pa\u0144skiej. W Besku nabo\u017ce\u0144stwo Drogi krzy\u017cowej w pi\u0105tki Wielkiego Postu po po\u0142udniu prowadz\u0105 grupy \u00a0parafialne program wywieszony jest w przedsionku ko\u015bcio\u0142a i na stronie internetowej Parafii. W ko\u015bcio\u0142ach filialnych w pierwszy pi\u0105tek miesi\u0105ca Msza \u015bw. i Nabo\u017ce\u0144stwo Drogi krzy\u017cowej w Por\u0119bach i Mymoniu o godz. 15.30.<\/h3>\n<h3>Chorych w marcu b\u0119dziemy w Besku odwiedza\u0107 nie w pi\u0105tek, ale w sobot\u0119 8 marca od godz. 8.00.<\/h3>\n<h3>W sobot\u0119 Dzie\u0144 Kobiet \u2013 modlimy si\u0119 w intencji kobiet.<\/h3>\n<h3>W przysz\u0142\u0105 niedziel\u0119 w Besku o godz. 16.00 <strong>Nabo\u017ce\u0144stwo Gorzkich \u017cali<\/strong> z kazaniem pasyjnym. Adoruje r\u00f3\u017ca Matki Bo\u017cej R\u00f3\u017ca\u0144cowej prze\u0142o\u017cona Beata Hedesz. Taca z tego nabo\u017ce\u0144stwa tradycyjnie jest przeznaczona na dekoracj\u0119 i kwiaty do Ciemnicy i Bo\u017cego Grobu. W ko\u015bcio\u0142ach filialnych w niedziel\u0119 <strong>Msza \u015bw. i<\/strong> <strong>Nabo\u017ce\u0144stwo Gorzkich \u017cali<\/strong> w Mymoniu o godz. 8.30, a w Por\u0119bach o godz. 10.00.<\/h3>\n","protected":false},"excerpt":{"rendered":"<p>W zwi\u0105zku z zaistnia\u0142\u0105 sytuacj\u0105 w naszej Parafii od lutego 2025 roku pos\u0142uguje dw\u00f3ch kap\u0142an\u00f3w, a nie trzech, dlatego prosimy o zdyscyplinowanie je\u017celi chodzi o korzystanie ze spowiedzi \u015bwi\u0119tej. W niedziel\u0119 do po\u0142udnia jeden kap\u0142an w ko\u015bciele parafialnym odprawia trzy Msze \u015bw., drugi pos\u0142uguje w ko\u015bcio\u0142ach filialnych, dlatego w niedziel\u0119<span class=\"more-link\"><a href=\"https:\/\/parafiabesko.pl\/?p=10944\">Czytaj wi\u0119cej<\/a><\/span><\/p>\n","protected":false},"author":1,"featured_media":0,"comment_status":"closed","ping_status":"open","sticky":false,"template":"","format":"standard","meta":{"footnotes":""},"categories":[7],"tags":[],"class_list":["entry","author-adminparafiibesko","post-10944","post","type-post","status-publish","format-standard","category-ogloszenia-parafialne"],"_links":{"self":[{"href":"https:\/\/parafiabesko.pl\/index.php?rest_route=\/wp\/v2\/posts\/10944","targetHints":{"allow":["GET"]}}],"collection":[{"href":"https:\/\/parafiabesko.pl\/index.php?rest_route=\/wp\/v2\/posts"}],"about":[{"href":"https:\/\/parafiabesko.pl\/index.php?rest_route=\/wp\/v2\/types\/post"}],"author":[{"embeddable":true,"href":"https:\/\/parafiabesko.pl\/index.php?rest_route=\/wp\/v2\/users\/1"}],"replies":[{"embeddable":true,"href":"https:\/\/parafiabesko.pl\/index.php?rest_route=%2Fwp%2Fv2%2Fcomments&post=10944"}],"version-history":[{"count":0,"href":"https:\/\/parafiabesko.pl\/index.php?rest_route=\/wp\/v2\/posts\/10944\/revisions"}],"wp:attachment":[{"href":"https:\/\/parafiabesko.pl\/index.php?rest_route=%2Fwp%2Fv2%2Fmedia&parent=10944"}],"wp:term":[{"taxonomy":"category","embeddable":true,"href":"https:\/\/parafiabesko.pl\/index.php?rest_route=%2Fwp%2Fv2%2Fcategories&post=10944"},{"taxonomy":"post_tag","embeddable":true,"href":"https:\/\/parafiabesko.pl\/index.php?rest_route=%2Fwp%2Fv2%2Ftags&post=10944"}],"curies":[{"name":"wp","href":"https:\/\/api.w.org\/{rel}","templated":true}]}}