{"id":10942,"date":"2025-03-01T15:25:12","date_gmt":"2025-03-01T15:25:12","guid":{"rendered":"https:\/\/parafiabesko.pl\/?p=10942"},"modified":"2025-03-01T15:25:12","modified_gmt":"2025-03-01T15:25:12","slug":"intencje-mszalne-3-9-03-2025r","status":"publish","type":"post","link":"https:\/\/parafiabesko.pl\/?p=10942","title":{"rendered":"Intencje mszalne 3-9.03.2025r."},"content":{"rendered":"<table>\n<tbody>\n<tr>\n<td rowspan=\"2\" width=\"166\">\n<h3><strong>Poniedzia\u0142ek<\/strong><\/h3>\n<h3><strong>3.03.2025r.<\/strong><\/h3>\n<h3><\/h3>\n<\/td>\n<td width=\"71\">\n<h3><strong>7.00<\/strong><\/h3>\n<\/td>\n<td width=\"457\">\n<h3>+J\u00f3zef Niekowal of. \u017cona Lucyna z dzie\u0107mi i wnukami<\/h3>\n<\/td>\n<\/tr>\n<tr>\n<td width=\"71\">\n<h3><strong>17.00<\/strong><\/h3>\n<\/td>\n<td width=\"457\">\n<h3><\/h3>\n<h3><\/h3>\n<h3>1. +Barbara Gadecka of. s\u0105siedzi c\u00f3rki Agnieszki<\/h3>\n<h3>2. +Edward, Kazimier\u0119 Budziak, Franciszek Maria Rzo\u0144ca i Maria Czech \/poza Paraf\u0105\/<\/h3>\n<\/td>\n<\/tr>\n<tr>\n<td rowspan=\"2\" width=\"166\">\n<h3><strong>Wtorek<\/strong><\/h3>\n<h3><strong>4.03.2025r.<\/strong><\/h3>\n<h3><\/h3>\n<\/td>\n<td width=\"71\">\n<h3><strong>7.00<\/strong><\/h3>\n<\/td>\n<td width=\"457\">\n<h3>+J\u00f3zef Wr\u00f3bel of. s\u0105siedzi z ul Nadrzecznej i S\u0142onecznej<\/h3>\n<\/td>\n<\/tr>\n<tr>\n<td width=\"71\">\n<h3><strong>17.00<\/strong><\/h3>\n<\/td>\n<td width=\"457\">\n<h3><\/h3>\n<h3><\/h3>\n<h3>1.+Stanis\u0142aw D\u0105browski \/19 r. \u015bm.\/, Maria i zm. rodzice of. siostra<\/h3>\n<h3>2. +Kazimiera, Jan Szul \/poza Parafi\u0105\/<\/h3>\n<\/td>\n<\/tr>\n<tr>\n<td rowspan=\"2\" width=\"166\">\n<h3><strong>\u015aroda<\/strong><\/h3>\n<h3><strong>5.03.2025r.<\/strong><\/h3>\n<h3><strong>\u00a0<\/strong><\/h3>\n<\/td>\n<td width=\"71\">\n<h3><strong>7.00<\/strong><\/h3>\n<\/td>\n<td width=\"457\">\n<h3>+Tadeusz W\u00f3jcicki<\/h3>\n<\/td>\n<\/tr>\n<tr>\n<td width=\"71\">\n<h3><strong>17.00<\/strong><\/h3>\n<\/td>\n<td width=\"457\">\n<h3>+Janina, Antoni, Maria Kazimierz Kwiatkowscy<\/h3>\n<\/td>\n<\/tr>\n<tr>\n<td rowspan=\"2\" width=\"166\">\n<h3><strong>Czwartek<\/strong><\/h3>\n<h3><strong>6.03.2025r.<\/strong><\/h3>\n<h3><\/h3>\n<\/td>\n<td width=\"71\">\n<h3><strong>7.00<\/strong><\/h3>\n<\/td>\n<td width=\"457\">\n<h3>+Aniela, Jan, Andrzej Kijowscy<\/h3>\n<\/td>\n<\/tr>\n<tr>\n<td width=\"71\">\n<h3><strong>17.00<\/strong><\/h3>\n<\/td>\n<td width=\"457\">\n<h3><\/h3>\n<h3><\/h3>\n<h3>1. \u2013Dzi\u0119kczynna w 40 urodziny Ryszarda<\/h3>\n<h3>2. +W\u0142adys\u0142aw\u0119\/26 r. \u015bm.\/, Ludwik Przyby\u0142a \/poza Parafi\u0105\/<\/h3>\n<\/td>\n<\/tr>\n<tr>\n<td rowspan=\"2\" width=\"166\">\n<h3><strong>Pi\u0105tek<\/strong><\/h3>\n<h3><strong>7.03.2025r.<\/strong><\/h3>\n<h3><\/h3>\n<\/td>\n<td width=\"71\">\n<h3><strong>7.00<\/strong><\/h3>\n<\/td>\n<td width=\"457\">\n<h3>+Joanna Gacek of. s\u0105siedzi z ul. Lipowej i Nadrzecznej<\/h3>\n<\/td>\n<\/tr>\n<tr>\n<td width=\"71\">\n<h3><strong>17.00<\/strong><\/h3>\n<\/td>\n<td width=\"457\">\n<h3>+Janina Szul \/10 r. \u015bm.\/ i zm. z rodziny<\/h3>\n<\/td>\n<\/tr>\n<tr>\n<td rowspan=\"2\" width=\"166\">\n<h3><strong>Sobota<\/strong><\/h3>\n<h3><strong>8.03.2025r.<\/strong><\/h3>\n<h3><\/h3>\n<\/td>\n<td width=\"71\">\n<h3><strong>7.00<\/strong><\/h3>\n<\/td>\n<td width=\"457\">\n<h3>+Helena, J\u00f3zefa, Zofia , Stanis\u0142awa, Maria z rodziny Kijowskich<\/h3>\n<h3><\/h3>\n<\/td>\n<\/tr>\n<tr>\n<td width=\"71\">\n<h3><strong>17.00<\/strong><\/h3>\n<\/td>\n<td width=\"457\">\n<h3><\/h3>\n<h3><\/h3>\n<h3>1. O zdrowie i b\u0142og Bo\u017ce dla si\u00f3str i ich rodzin z r\u00f3\u017cy MB Rodzicielki prze\u0142o\u017cona Helena Kuzian<\/h3>\n<h3>2. +Eugeniusz, Albina Nycz \/poza Parafi\u0105\/<\/h3>\n<\/td>\n<\/tr>\n<tr>\n<td rowspan=\"4\" width=\"166\">\n<h3><strong>Niedziela<\/strong><\/h3>\n<h3><strong>9.03.2025r.<\/strong><\/h3>\n<h3><\/h3>\n<\/td>\n<td width=\"71\">\n<h3><strong>7.30<\/strong><\/h3>\n<\/td>\n<td width=\"457\">\n<h3>+Ma\u0142gorzata J\u00f3zefczyk of. dzieci<\/h3>\n<\/td>\n<\/tr>\n<tr>\n<td width=\"71\">\n<h3><strong>9.15<\/strong><\/h3>\n<\/td>\n<td width=\"457\">\n<h3>+Maria Ziemia\u0144ska \/19 r. \u015bm.\/<\/h3>\n<\/td>\n<\/tr>\n<tr>\n<td width=\"71\">\n<h3><strong>11.00<\/strong><\/h3>\n<\/td>\n<td width=\"457\">\n<h3><strong>Za Parafian<\/strong><\/h3>\n<\/td>\n<\/tr>\n<tr>\n<td width=\"71\">\n<h3><strong>16.30<\/strong><\/h3>\n<\/td>\n<td width=\"457\">\n<h3>+Agnieszka Matuszek<\/h3>\n<\/td>\n<\/tr>\n<\/tbody>\n<\/table>\n","protected":false},"excerpt":{"rendered":"<p>Poniedzia\u0142ek 3.03.2025r. 7.00 +J\u00f3zef Niekowal of. \u017cona Lucyna z dzie\u0107mi i wnukami 17.00 1. +Barbara Gadecka of. s\u0105siedzi c\u00f3rki Agnieszki 2. +Edward, Kazimier\u0119 Budziak, Franciszek Maria Rzo\u0144ca i Maria Czech \/poza Paraf\u0105\/ Wtorek 4.03.2025r. 7.00 +J\u00f3zef Wr\u00f3bel of. s\u0105siedzi z ul Nadrzecznej i S\u0142onecznej 17.00 1.+Stanis\u0142aw D\u0105browski \/19 r. \u015bm.\/,<span class=\"more-link\"><a href=\"https:\/\/parafiabesko.pl\/?p=10942\">Czytaj wi\u0119cej<\/a><\/span><\/p>\n","protected":false},"author":1,"featured_media":0,"comment_status":"closed","ping_status":"open","sticky":false,"template":"","format":"standard","meta":{"footnotes":""},"categories":[4],"tags":[],"class_list":["entry","author-adminparafiibesko","post-10942","post","type-post","status-publish","format-standard","category-intencje-mszalne"],"_links":{"self":[{"href":"https:\/\/parafiabesko.pl\/index.php?rest_route=\/wp\/v2\/posts\/10942","targetHints":{"allow":["GET"]}}],"collection":[{"href":"https:\/\/parafiabesko.pl\/index.php?rest_route=\/wp\/v2\/posts"}],"about":[{"href":"https:\/\/parafiabesko.pl\/index.php?rest_route=\/wp\/v2\/types\/post"}],"author":[{"embeddable":true,"href":"https:\/\/parafiabesko.pl\/index.php?rest_route=\/wp\/v2\/users\/1"}],"replies":[{"embeddable":true,"href":"https:\/\/parafiabesko.pl\/index.php?rest_route=%2Fwp%2Fv2%2Fcomments&post=10942"}],"version-history":[{"count":0,"href":"https:\/\/parafiabesko.pl\/index.php?rest_route=\/wp\/v2\/posts\/10942\/revisions"}],"wp:attachment":[{"href":"https:\/\/parafiabesko.pl\/index.php?rest_route=%2Fwp%2Fv2%2Fmedia&parent=10942"}],"wp:term":[{"taxonomy":"category","embeddable":true,"href":"https:\/\/parafiabesko.pl\/index.php?rest_route=%2Fwp%2Fv2%2Fcategories&post=10942"},{"taxonomy":"post_tag","embeddable":true,"href":"https:\/\/parafiabesko.pl\/index.php?rest_route=%2Fwp%2Fv2%2Ftags&post=10942"}],"curies":[{"name":"wp","href":"https:\/\/api.w.org\/{rel}","templated":true}]}}