{"id":10914,"date":"2025-02-22T19:51:19","date_gmt":"2025-02-22T19:51:19","guid":{"rendered":"https:\/\/parafiabesko.pl\/?p=10914"},"modified":"2025-02-22T19:51:19","modified_gmt":"2025-02-22T19:51:19","slug":"ogloszenia-parafialne-7-niedziela-zwykla-23-02-2025r","status":"publish","type":"post","link":"https:\/\/parafiabesko.pl\/?p=10914","title":{"rendered":"Og\u0142oszenia parafialne 7 Niedziela zwyk\u0142a 23.02.2025r."},"content":{"rendered":"<h3><strong>Dzisiaj po sumie rozpoczyna si\u0119 peregrynacja obrazu NSPJ w rodzinach naszej Parafii w Besku od rodziny pa\u0144stwa Maria, Marian Matuszek ul Podkarpacka 4. Trasa Peregrynacji jest taka, jak w poprzednich peregrynacjach.<\/strong><\/h3>\n<h3>W poniedzia\u0142ek o godz. 17.00 modlitwa przy relikwiach \u015bw. Jana Paw\u0142a II.<\/h3>\n<h3>We wtorek o godz. 17.00 Nabo\u017ce\u0144stwo do Bo\u017cego Mi\u0142osierdzia.<\/h3>\n<h3>We \u015brod\u0119 o godz. 17.00 Nowenna do Matki Bo\u017cej Nieustaj\u0105cej Pomocy.<\/h3>\n<h3>W czwartek 27.02.2025r. w naszej Parafii Besko ma miejsce <strong>Diecezjalny dzie\u0144 modlitw o powo\u0142ania kap\u0142a\u0144skie i zakonne.<\/strong> O godz. 16.00 wystawienie Naj\u015bwi\u0119tszego Sakramentu i adoracja prowadz\u0105 Akcja Katolicka. O godz. 17.00 Msza \u015bw.<\/h3>\n<h3>Pierwsza sobota miesi\u0105ca, rano o godz. 7.00 Msza \u015bw. i nabo\u017ce\u0144stwo do Matki Bo\u017cej, adoruje r\u00f3\u017ca MB Nieustaj\u0105cej Pomocy prze\u0142o\u017cona Marta Kaczor, <strong><u>wieczorem Mszy \u015bw. nie b\u0119dzie ze wzgl\u0119du na zako\u0144czenie peregrynacii obrazu NSPJ w naszym dekanacie Ja\u0107mierz.<\/u><\/strong><\/h3>\n<h3>W najbli\u017csz\u0105 niedziel\u0119 w naszej Parafii <strong>Niedziela Adoracyjna, <\/strong>od godz. 12.00 do 16.00 prywatna adoracja rodzin naszej Parafii. O godz. 16.00 nabo\u017ce\u0144stwo r\u00f3\u017ca\u0144cowe i zmiana tajemnic, adoruje r\u00f3\u017ca Matki Bo\u017cej Rodzicielki prze\u0142o\u017cona Helena Kuzian.<\/h3>\n<h3>Dzi\u0119kujemy za przygotowanie \u015bwi\u0105ty\u0144 na Peregrynacj\u0119 obrazu NSPJ w Parafii Besko: panu ko\u015bcielnemu Andrzejowi Romanowi, panu Marcinowi Semenowiczowi, panu J\u00f3zefowi Winiarskiemu, siostrom zakonnym, dekoratorkom \u015bwi\u0105ty\u0144 w Besku pani Marlenie Sza\u0142ankiewicz, Por\u0119bach pani Urszuli Przyby\u0142a i Mymoniu pani Marcie Suwa\u0142a i pani Anecie Sza\u0142ankiewicz z i GOK w Besku. B\u00f3g zap\u0142a\u0107!<\/h3>\n<h3>&#8211; Za s\u0142owa powita\u0144: dzieciom, m\u0142odzie\u017cy i rodzinie. B\u00f3g zap\u0142a\u0107!<\/h3>\n<h3>&#8211; Za przygotowanie oprawy liturgicznej ca\u0142ej Peregrynacji w naszej Parafii Besko: kapelmistrzowi Szymonowi Kielar i orkiestrze OSP w Besku, ch\u00f3rowi Miriam, panu organi\u015bcie, scholi m\u0142odzie\u017cowej, Dziewcz\u0119cej S\u0142u\u017cbie Maryi, ministrantom, lektorom z ko\u015bcio\u0142a w Besku, Mymonia i Por\u0119b. B\u00f3g zap\u0142a\u0107!<\/h3>\n<h3>&#8211; Ponadto panom ko\u015bcielnym z Mymonia: Micha\u0142owi Suwale, a w Por\u0119bach Leszkowi Szulowi. B\u00f3g zap\u0142a\u0107!<\/h3>\n<h3>&#8211; Za zorganizowanie uroczystych przejazd\u00f3w do naszych \u015bwi\u0105ty\u0144 komendantowi OSP w Gminie Besko Janowi Ja\u015blarowi: stra\u017cakom z Beska, Por\u0119b i Mymonia. B\u00f3g zap\u0142a\u0107!<\/h3>\n<h3>&#8211; Ponadto dzi\u0119kujemy Parafianom i Parafiankom, kt\u00f3rzy w jakikolwiek spos\u00f3b w\u0142\u0105czyli si\u0119 w przygotowania i przebieg uroczysto\u015bci Peregrynacji w naszej Parafii swoj\u0105 prac\u0105 i talentem. B\u00f3g zap\u0142a\u0107!<\/h3>\n","protected":false},"excerpt":{"rendered":"<p>Dzisiaj po sumie rozpoczyna si\u0119 peregrynacja obrazu NSPJ w rodzinach naszej Parafii w Besku od rodziny pa\u0144stwa Maria, Marian Matuszek ul Podkarpacka 4. Trasa Peregrynacji jest taka, jak w poprzednich peregrynacjach. W poniedzia\u0142ek o godz. 17.00 modlitwa przy relikwiach \u015bw. Jana Paw\u0142a II. We wtorek o godz. 17.00 Nabo\u017ce\u0144stwo do<span class=\"more-link\"><a href=\"https:\/\/parafiabesko.pl\/?p=10914\">Czytaj wi\u0119cej<\/a><\/span><\/p>\n","protected":false},"author":1,"featured_media":0,"comment_status":"closed","ping_status":"open","sticky":false,"template":"","format":"standard","meta":{"footnotes":""},"categories":[7],"tags":[],"class_list":["entry","author-adminparafiibesko","post-10914","post","type-post","status-publish","format-standard","category-ogloszenia-parafialne"],"_links":{"self":[{"href":"https:\/\/parafiabesko.pl\/index.php?rest_route=\/wp\/v2\/posts\/10914","targetHints":{"allow":["GET"]}}],"collection":[{"href":"https:\/\/parafiabesko.pl\/index.php?rest_route=\/wp\/v2\/posts"}],"about":[{"href":"https:\/\/parafiabesko.pl\/index.php?rest_route=\/wp\/v2\/types\/post"}],"author":[{"embeddable":true,"href":"https:\/\/parafiabesko.pl\/index.php?rest_route=\/wp\/v2\/users\/1"}],"replies":[{"embeddable":true,"href":"https:\/\/parafiabesko.pl\/index.php?rest_route=%2Fwp%2Fv2%2Fcomments&post=10914"}],"version-history":[{"count":0,"href":"https:\/\/parafiabesko.pl\/index.php?rest_route=\/wp\/v2\/posts\/10914\/revisions"}],"wp:attachment":[{"href":"https:\/\/parafiabesko.pl\/index.php?rest_route=%2Fwp%2Fv2%2Fmedia&parent=10914"}],"wp:term":[{"taxonomy":"category","embeddable":true,"href":"https:\/\/parafiabesko.pl\/index.php?rest_route=%2Fwp%2Fv2%2Fcategories&post=10914"},{"taxonomy":"post_tag","embeddable":true,"href":"https:\/\/parafiabesko.pl\/index.php?rest_route=%2Fwp%2Fv2%2Ftags&post=10914"}],"curies":[{"name":"wp","href":"https:\/\/api.w.org\/{rel}","templated":true}]}}