{"id":10912,"date":"2025-02-22T19:43:59","date_gmt":"2025-02-22T19:43:59","guid":{"rendered":"https:\/\/parafiabesko.pl\/?p=10912"},"modified":"2025-02-22T19:43:59","modified_gmt":"2025-02-22T19:43:59","slug":"intencje-mszalne-24-02-2-03-2025r","status":"publish","type":"post","link":"https:\/\/parafiabesko.pl\/?p=10912","title":{"rendered":"Intencje mszalne 24.02.-2.03.2025r."},"content":{"rendered":"<table>\n<tbody>\n<tr>\n<td rowspan=\"2\" width=\"166\"><strong>Poniedzia\u0142ek<\/strong><\/p>\n<p><strong>24.02.2025r.<\/strong><\/p>\n<p>&nbsp;<\/td>\n<td width=\"71\"><strong>7.00<\/strong><\/td>\n<td width=\"457\">+Stanis\u0142aw Dobosz of. Zofia Sza\u0142ankiewicz i Teresa Kielar<\/td>\n<\/tr>\n<tr>\n<td width=\"71\"><strong>17.00<\/strong><\/td>\n<td width=\"457\">+Roman Sikora<\/td>\n<\/tr>\n<tr>\n<td rowspan=\"2\" width=\"166\"><strong>Wtorek<\/strong><\/p>\n<p><strong>25.02.2025r.<\/strong><\/p>\n<p><strong>\u00a0<\/strong><\/p>\n<p>&nbsp;<\/td>\n<td width=\"71\"><strong>7.00<\/strong><\/td>\n<td width=\"457\">+Wojciech \u017b\u00f3\u0142kiewicz of. siostra Joanna z rodzin\u0105<\/td>\n<\/tr>\n<tr>\n<td width=\"71\"><strong>17.00<\/strong><\/td>\n<td width=\"457\">-Dzi\u0119kczynna w 24 r. \u015blubu Doroty i Macieja z pro\u015bb\u0105 o opiek\u0119 Bo\u017c\u0105 w rodzinie<\/td>\n<\/tr>\n<tr>\n<td rowspan=\"2\" width=\"166\"><strong>\u015aroda<\/strong><\/p>\n<p><strong>26.02.2025r.<\/strong><\/p>\n<p><strong>\u00a0<\/strong><\/p>\n<p><strong>\u00a0<\/strong><\/td>\n<td width=\"71\"><strong>7.00<\/strong><\/td>\n<td width=\"457\">-O \u0142ask\u0119 zdrowia<\/td>\n<\/tr>\n<tr>\n<td width=\"71\"><strong>17.00<\/strong><\/td>\n<td width=\"457\">+Jadwiga Wajda mama ks. Jacka of. Parafianie<\/td>\n<\/tr>\n<tr>\n<td rowspan=\"2\" width=\"166\"><strong>Czwartek<\/strong><\/p>\n<p><strong>27.02.2025r.<\/strong><\/p>\n<p><strong>\u00a0<\/strong><\/p>\n<p>&nbsp;<\/td>\n<td width=\"71\"><strong>7.00<\/strong><\/td>\n<td width=\"457\">+Roman Mermer<\/td>\n<\/tr>\n<tr>\n<td width=\"71\"><strong>17.00<\/strong><\/td>\n<td width=\"457\">+Czes\u0142aw \/25 r. \u015bm.\/, Katarzyna Bo\u0142d of. wnuczka Kamila z rodzin\u0105<\/td>\n<\/tr>\n<tr>\n<td rowspan=\"2\" width=\"166\"><strong>Pi\u0105tek<\/strong><\/p>\n<p><strong>28.02.2025r.<\/strong><\/p>\n<p><strong>\u00a0<\/strong><\/p>\n<p>&nbsp;<\/td>\n<td width=\"71\"><strong>7.00<\/strong><\/td>\n<td width=\"457\">+Franciszek Mermer \/6 r. \u015bm.\/ of. \u017cona i c\u00f3rki<\/td>\n<\/tr>\n<tr>\n<td width=\"71\"><strong>17.00<\/strong><\/td>\n<td width=\"457\">+Jadwiga Wajda mama ks. Jacka<\/td>\n<\/tr>\n<tr>\n<td width=\"166\"><strong>Sobota<\/strong><\/p>\n<p><strong>1.03.2025r.<\/strong><\/p>\n<p>&nbsp;<\/td>\n<td width=\"71\"><strong>7.00<\/strong><\/td>\n<td width=\"457\">1. +Pawe\u0142 \/22 r. \u015bm.\/, Piotr Winiarscy<\/p>\n<p>2. +Dzi\u0119kczynna w 50 r. urodzin Iwony<\/p>\n<p>3. +Za zmar\u0142\u0105 mam\u0119 kolegi kursowego of. ks. Tomasz \/poza Parafi\u0105\/<\/td>\n<\/tr>\n<tr>\n<td rowspan=\"4\" width=\"166\"><strong>Niedziela<\/strong><\/p>\n<p><strong>2.03.2025r.<\/strong><\/p>\n<p>&nbsp;<\/td>\n<td width=\"71\"><strong>7.30<\/strong><\/td>\n<td width=\"457\">+Grzegorz, Kazimiera Suwa\u0142a<\/td>\n<\/tr>\n<tr>\n<td width=\"71\"><strong>9.15<\/strong><\/td>\n<td width=\"457\">+Helena, Czes\u0142aw Weber i zm. z rodziny of. wnuk Marek<\/td>\n<\/tr>\n<tr>\n<td width=\"71\"><strong>11.00<\/strong><\/td>\n<td width=\"457\"><strong>Za Parafian<\/strong><\/td>\n<\/tr>\n<tr>\n<td width=\"71\"><strong>16.30<\/strong><\/td>\n<td width=\"457\">+Zofia \/2 r. \u015bm.\/, W\u0142adys\u0142aw Szcz\u0119sny<\/td>\n<\/tr>\n<\/tbody>\n<\/table>\n","protected":false},"excerpt":{"rendered":"<p>Poniedzia\u0142ek 24.02.2025r. &nbsp; 7.00 +Stanis\u0142aw Dobosz of. Zofia Sza\u0142ankiewicz i Teresa Kielar 17.00 +Roman Sikora Wtorek 25.02.2025r. \u00a0 &nbsp; 7.00 +Wojciech \u017b\u00f3\u0142kiewicz of. siostra Joanna z rodzin\u0105 17.00 -Dzi\u0119kczynna w 24 r. \u015blubu Doroty i Macieja z pro\u015bb\u0105 o opiek\u0119 Bo\u017c\u0105 w rodzinie \u015aroda 26.02.2025r. \u00a0 \u00a0 7.00 -O \u0142ask\u0119<span class=\"more-link\"><a href=\"https:\/\/parafiabesko.pl\/?p=10912\">Czytaj wi\u0119cej<\/a><\/span><\/p>\n","protected":false},"author":1,"featured_media":0,"comment_status":"closed","ping_status":"open","sticky":false,"template":"","format":"standard","meta":{"footnotes":""},"categories":[4],"tags":[],"class_list":["entry","author-adminparafiibesko","post-10912","post","type-post","status-publish","format-standard","category-intencje-mszalne"],"_links":{"self":[{"href":"https:\/\/parafiabesko.pl\/index.php?rest_route=\/wp\/v2\/posts\/10912","targetHints":{"allow":["GET"]}}],"collection":[{"href":"https:\/\/parafiabesko.pl\/index.php?rest_route=\/wp\/v2\/posts"}],"about":[{"href":"https:\/\/parafiabesko.pl\/index.php?rest_route=\/wp\/v2\/types\/post"}],"author":[{"embeddable":true,"href":"https:\/\/parafiabesko.pl\/index.php?rest_route=\/wp\/v2\/users\/1"}],"replies":[{"embeddable":true,"href":"https:\/\/parafiabesko.pl\/index.php?rest_route=%2Fwp%2Fv2%2Fcomments&post=10912"}],"version-history":[{"count":0,"href":"https:\/\/parafiabesko.pl\/index.php?rest_route=\/wp\/v2\/posts\/10912\/revisions"}],"wp:attachment":[{"href":"https:\/\/parafiabesko.pl\/index.php?rest_route=%2Fwp%2Fv2%2Fmedia&parent=10912"}],"wp:term":[{"taxonomy":"category","embeddable":true,"href":"https:\/\/parafiabesko.pl\/index.php?rest_route=%2Fwp%2Fv2%2Fcategories&post=10912"},{"taxonomy":"post_tag","embeddable":true,"href":"https:\/\/parafiabesko.pl\/index.php?rest_route=%2Fwp%2Fv2%2Ftags&post=10912"}],"curies":[{"name":"wp","href":"https:\/\/api.w.org\/{rel}","templated":true}]}}