{"id":10905,"date":"2025-02-15T13:26:19","date_gmt":"2025-02-15T13:26:19","guid":{"rendered":"https:\/\/parafiabesko.pl\/?p=10905"},"modified":"2025-02-15T13:26:19","modified_gmt":"2025-02-15T13:26:19","slug":"peregrynacja-obrazu-nspj-w-parafii-besko","status":"publish","type":"post","link":"https:\/\/parafiabesko.pl\/?p=10905","title":{"rendered":"Peregrynacja obrazu NSPJ w Parafii Besko"},"content":{"rendered":"<h3 style=\"text-align: center;\"><u>Peregrynacja obrazu NSPJ w Parafii Besko<\/u><\/h3>\n<p>&nbsp;<\/p>\n<h3><\/h3>\n<h3>Czwartek 20.02.2025<\/h3>\n<h3>17.40 &#8211; Nabo\u017ce\u0144stwo powitania obrazu NSPJ<\/h3>\n<h3>18.00 &#8211; Msza \u015bw. na rozpocz\u0119cie Peregrynacji<\/h3>\n<h3>21.00 &#8211; Apel Maryjny<\/h3>\n<h3>21.05 &#8211; Msza \u015bw. o powo\u0142ania odprawiaj\u0105 Ksi\u0119\u017ca Rodacy.<\/h3>\n<h3>Adoracja do 24.00<\/h3>\n<p>&nbsp;<\/p>\n<h3><\/h3>\n<h3>Pi\u0105tek 21.02.2025r.<\/h3>\n<h3>7.30 &#8211; Msza \u015bw. z kazaniem.<\/h3>\n<h3>9.15 &#8211; Msza \u015bw. z kazaniem.<\/h3>\n<h3>11.00 &#8211; Msza \u015bw. z kazaniem.<\/h3>\n<h3>13.00 &#8211; Msza \u015bw. i zawierzenie NSPJ w ko\u015bciele w Por\u0119bach-mieszka\u0144cy Por\u0119b.<\/h3>\n<h3>14.30 &#8211; Msza \u015bw. i zawierzenie NSPJ w ko\u015bciele w Mymoniu- mieszka\u0144cy Mymonia.<\/h3>\n<h3>16.15 &#8211; Koronka do Mi\u0142osierdzia Bo\u017cego w Besku.<\/h3>\n<h3>16.30 &#8211; Msza \u015bw. i zawierzenie NSPJ\u00a0 mieszka\u0144cy Beska.<\/h3>\n<h3>Nabo\u017ce\u0144stwo przekazania obrazu NSPJ do Parafii w Milczy.<\/h3>\n","protected":false},"excerpt":{"rendered":"<p>Peregrynacja obrazu NSPJ w Parafii Besko &nbsp; Czwartek 20.02.2025 17.40 &#8211; Nabo\u017ce\u0144stwo powitania obrazu NSPJ 18.00 &#8211; Msza \u015bw. na rozpocz\u0119cie Peregrynacji 21.00 &#8211; Apel Maryjny 21.05 &#8211; Msza \u015bw. o powo\u0142ania odprawiaj\u0105 Ksi\u0119\u017ca Rodacy. Adoracja do 24.00 &nbsp; Pi\u0105tek 21.02.2025r. 7.30 &#8211; Msza \u015bw. z kazaniem. 9.15 &#8211; Msza<span class=\"more-link\"><a href=\"https:\/\/parafiabesko.pl\/?p=10905\">Czytaj wi\u0119cej<\/a><\/span><\/p>\n","protected":false},"author":1,"featured_media":0,"comment_status":"closed","ping_status":"open","sticky":false,"template":"","format":"standard","meta":{"footnotes":""},"categories":[6],"tags":[],"class_list":["entry","author-adminparafiibesko","post-10905","post","type-post","status-publish","format-standard","category-uncategorized"],"_links":{"self":[{"href":"https:\/\/parafiabesko.pl\/index.php?rest_route=\/wp\/v2\/posts\/10905","targetHints":{"allow":["GET"]}}],"collection":[{"href":"https:\/\/parafiabesko.pl\/index.php?rest_route=\/wp\/v2\/posts"}],"about":[{"href":"https:\/\/parafiabesko.pl\/index.php?rest_route=\/wp\/v2\/types\/post"}],"author":[{"embeddable":true,"href":"https:\/\/parafiabesko.pl\/index.php?rest_route=\/wp\/v2\/users\/1"}],"replies":[{"embeddable":true,"href":"https:\/\/parafiabesko.pl\/index.php?rest_route=%2Fwp%2Fv2%2Fcomments&post=10905"}],"version-history":[{"count":0,"href":"https:\/\/parafiabesko.pl\/index.php?rest_route=\/wp\/v2\/posts\/10905\/revisions"}],"wp:attachment":[{"href":"https:\/\/parafiabesko.pl\/index.php?rest_route=%2Fwp%2Fv2%2Fmedia&parent=10905"}],"wp:term":[{"taxonomy":"category","embeddable":true,"href":"https:\/\/parafiabesko.pl\/index.php?rest_route=%2Fwp%2Fv2%2Fcategories&post=10905"},{"taxonomy":"post_tag","embeddable":true,"href":"https:\/\/parafiabesko.pl\/index.php?rest_route=%2Fwp%2Fv2%2Ftags&post=10905"}],"curies":[{"name":"wp","href":"https:\/\/api.w.org\/{rel}","templated":true}]}}