{"id":10903,"date":"2025-02-15T13:23:14","date_gmt":"2025-02-15T13:23:14","guid":{"rendered":"https:\/\/parafiabesko.pl\/?p=10903"},"modified":"2025-02-15T13:23:14","modified_gmt":"2025-02-15T13:23:14","slug":"ogloszenia-parafialne-6-niedziela-zwykla-16-02-2025r","status":"publish","type":"post","link":"https:\/\/parafiabesko.pl\/?p=10903","title":{"rendered":"Og\u0142oszenia parafialne 6 Niedziela zwyk\u0142a 16.02.2025r."},"content":{"rendered":"<h3>Od wtorku w naszej Parafii trwa si\u0119 nowenna przed Peregrynacj\u0105 obrazu NSPJ w naszej Parafii.<\/h3>\n<h3>Od pi\u0105tku trwaj\u0105 rekolekcje przed Peregrynacj\u0105 obrazu NSPJ:<\/h3>\n<h3><strong>Dzisiaj 16 luty 2025r. \u2013\u00a0<\/strong><em><strong><u>Uczy\u0144 serca nasze wed\u0142ug Serca Twego<\/u><\/strong><\/em><\/h3>\n<h3>\u00a0 7.30 \u2013 Msza \u015bwi\u0119ta w Besku z nauk\u0105 rekolekcyjn\u0105<\/h3>\n<h3>\u00a0 8.30\u00a0 \u2013 Msza \u015bwi\u0119ta w Mymoniu z nauk\u0105 rekolekcyjn\u0105<\/h3>\n<h3>\u00a0 9.15 \u2013 Msza \u015bwi\u0119ta w Besku z nauk\u0105 rekolekcyjn\u0105<\/h3>\n<h3>10.00 \u2013 Msza \u015bwi\u0119ta w Por\u0119bach z nauk\u0105 rekolekcyjn\u0105<\/h3>\n<h3>11.00\u00a0 \u2013 Msza \u015bwi\u0119ta w Besku z nauk\u0105 rekolekcyjn\u0105<\/h3>\n<h3>16.30 \u2013 Msza \u015bwi\u0119ta w Besku z nauk\u0105 rekolekcyjn\u0105<\/h3>\n<h3><em>G\u0142osi ojciec Ryszard Bro\u017cek redemptorysta.<\/em><\/h3>\n<p>&nbsp;<\/p>\n<h3><em>\u00a0<\/em>W poniedzia\u0142ek o godz. 17.00 modlitwa przy relikwiach \u015bw. Jana Paw\u0142a II.<\/h3>\n<h3>We wtorek o godz. 17.00 Nabo\u017ce\u0144stwo do Bo\u017cego Mi\u0142osierdzia.<\/h3>\n<p>&nbsp;<\/p>\n<h3><strong>Spowied\u017a przed Peregrynacj\u0105 w Besku w \u015brod\u0119 14.00-16.30, a w Mymoniu i Por\u0119bach o godz. 14.00. <\/strong>O godz. 17.00 Nowenna do Matki Bo\u017cej Nieustaj\u0105cej Pomocy.<\/h3>\n<p>&nbsp;<\/p>\n<h3><strong><u>Peregrynacja obrazu NSPJ w Parafii Besko<\/u><\/strong><\/h3>\n<h3><strong>Czwartek 20.02.2025<\/strong><\/h3>\n<h3>17.40 &#8211; Nabo\u017ce\u0144stwo powitania obrazu NSPJ<\/h3>\n<h3>18.00 &#8211; Msza \u015bw. na rozpocz\u0119cie Peregrynacji<\/h3>\n<h3>21.00 &#8211; Apel Maryjny<\/h3>\n<h3>21.05 &#8211; Msza \u015bw. o powo\u0142ania odprawiaj\u0105 Ksi\u0119\u017ca Rodacy.<\/h3>\n<h3>Adoracja do 24.00<\/h3>\n<p>&nbsp;<\/p>\n<h3><strong>Pi\u0105tek 21.02.2025r.<\/strong><\/h3>\n<h3>7.30 &#8211; Msza \u015bw. z kazaniem.<\/h3>\n<h3>9.15 &#8211; Msza \u015bw. z kazaniem.<\/h3>\n<h3>11.00 &#8211; Msza \u015bw. z kazaniem.<\/h3>\n<h3>13.00 &#8211; Msza \u015bw. i zawierzenie NSPJ w ko\u015bciele w Por\u0119bach-mieszka\u0144cy Por\u0119b.<\/h3>\n<h3>14.30 &#8211; Msza \u015bw. i zawierzenie NSPJ w ko\u015bciele w Mymoniu- mieszka\u0144cy Mymonia.<\/h3>\n<h3>16.15 &#8211; Koronka do Mi\u0142osierdzia Bo\u017cego w Besku.<\/h3>\n<h3>16.30 &#8211; Msza \u015bw. i zawierzenie NSPJ\u00a0 mieszka\u0144cy Beska.<\/h3>\n<h3>Nabo\u017ce\u0144stwo przekazania obrazu NSPJ do Parafii w Milczy.<\/h3>\n","protected":false},"excerpt":{"rendered":"<p>Od wtorku w naszej Parafii trwa si\u0119 nowenna przed Peregrynacj\u0105 obrazu NSPJ w naszej Parafii. Od pi\u0105tku trwaj\u0105 rekolekcje przed Peregrynacj\u0105 obrazu NSPJ: Dzisiaj 16 luty 2025r. \u2013\u00a0Uczy\u0144 serca nasze wed\u0142ug Serca Twego \u00a0 7.30 \u2013 Msza \u015bwi\u0119ta w Besku z nauk\u0105 rekolekcyjn\u0105 \u00a0 8.30\u00a0 \u2013 Msza \u015bwi\u0119ta w Mymoniu<span class=\"more-link\"><a href=\"https:\/\/parafiabesko.pl\/?p=10903\">Czytaj wi\u0119cej<\/a><\/span><\/p>\n","protected":false},"author":1,"featured_media":0,"comment_status":"closed","ping_status":"open","sticky":false,"template":"","format":"standard","meta":{"footnotes":""},"categories":[7],"tags":[],"class_list":["entry","author-adminparafiibesko","post-10903","post","type-post","status-publish","format-standard","category-ogloszenia-parafialne"],"_links":{"self":[{"href":"https:\/\/parafiabesko.pl\/index.php?rest_route=\/wp\/v2\/posts\/10903","targetHints":{"allow":["GET"]}}],"collection":[{"href":"https:\/\/parafiabesko.pl\/index.php?rest_route=\/wp\/v2\/posts"}],"about":[{"href":"https:\/\/parafiabesko.pl\/index.php?rest_route=\/wp\/v2\/types\/post"}],"author":[{"embeddable":true,"href":"https:\/\/parafiabesko.pl\/index.php?rest_route=\/wp\/v2\/users\/1"}],"replies":[{"embeddable":true,"href":"https:\/\/parafiabesko.pl\/index.php?rest_route=%2Fwp%2Fv2%2Fcomments&post=10903"}],"version-history":[{"count":0,"href":"https:\/\/parafiabesko.pl\/index.php?rest_route=\/wp\/v2\/posts\/10903\/revisions"}],"wp:attachment":[{"href":"https:\/\/parafiabesko.pl\/index.php?rest_route=%2Fwp%2Fv2%2Fmedia&parent=10903"}],"wp:term":[{"taxonomy":"category","embeddable":true,"href":"https:\/\/parafiabesko.pl\/index.php?rest_route=%2Fwp%2Fv2%2Fcategories&post=10903"},{"taxonomy":"post_tag","embeddable":true,"href":"https:\/\/parafiabesko.pl\/index.php?rest_route=%2Fwp%2Fv2%2Ftags&post=10903"}],"curies":[{"name":"wp","href":"https:\/\/api.w.org\/{rel}","templated":true}]}}