{"id":10901,"date":"2025-02-15T13:19:43","date_gmt":"2025-02-15T13:19:43","guid":{"rendered":"https:\/\/parafiabesko.pl\/?p=10901"},"modified":"2025-02-15T13:19:43","modified_gmt":"2025-02-15T13:19:43","slug":"intencje-mszalne-17-23-02-2025r","status":"publish","type":"post","link":"https:\/\/parafiabesko.pl\/?p=10901","title":{"rendered":"Intencje mszalne 17-23.02.2025r."},"content":{"rendered":"<table>\n<tbody>\n<tr>\n<td rowspan=\"2\" width=\"166\"><strong>Poniedzia\u0142ek<\/strong><\/p>\n<p><strong>17.02.2025r.<\/strong><\/p>\n<p>&nbsp;<\/td>\n<td width=\"71\"><strong>7.00<\/strong><\/td>\n<td width=\"457\">+Stanis\u0142aw Dobosz of. Wies\u0142aw Szybka z rodzin\u0105<\/td>\n<\/tr>\n<tr>\n<td width=\"71\"><strong>17.00<\/strong><\/td>\n<td width=\"457\">-O \u0142ask\u0119 zdrowia<\/td>\n<\/tr>\n<tr>\n<td rowspan=\"2\" width=\"166\"><strong>Wtorek<\/strong><\/p>\n<p><strong>18.02.2025r.<\/strong><\/p>\n<p><strong>\u00a0<\/strong><\/p>\n<p>&nbsp;<\/td>\n<td width=\"71\"><strong>7.00<\/strong><\/td>\n<td width=\"457\">-O \u0142ask\u0119 zdrowia<\/td>\n<\/tr>\n<tr>\n<td width=\"71\"><strong>17.00<\/strong><\/td>\n<td width=\"457\">+Rozalia, Grzegorz, Waldemar<\/td>\n<\/tr>\n<tr>\n<td rowspan=\"2\" width=\"166\"><strong>\u015aroda<\/strong><\/p>\n<p><strong>19.02.2025r.<\/strong><\/p>\n<p><strong>\u00a0<\/strong><\/p>\n<p><strong>\u00a0<\/strong><\/td>\n<td width=\"71\"><strong>7.00<\/strong><\/td>\n<td width=\"457\">+Stanis\u0142aw, Stanis\u0142aw\u0119, Michalina<\/td>\n<\/tr>\n<tr>\n<td width=\"71\"><strong>17.00<\/strong><\/td>\n<td width=\"457\">-Dzi\u0119kczynna w 25 rocznic\u0119 \u015blubu z pro\u015bb\u0105 o opiek\u0119 Bo\u017c\u0105 dla rodziny<\/td>\n<\/tr>\n<tr>\n<td rowspan=\"2\" width=\"166\"><strong>Czwartek<\/strong><\/p>\n<p><strong>20.02.2025r.<\/strong><\/p>\n<p><strong><em><u>Peregrynacja<\/u><\/em><\/strong><\/p>\n<p>&nbsp;<\/td>\n<td width=\"71\"><strong>7.00<\/strong><\/td>\n<td width=\"457\">+Witold B\u0142a\u017c of. syn Piotr z rodzin\u0105<\/td>\n<\/tr>\n<tr>\n<td width=\"71\"><strong>18.00<\/strong><\/td>\n<td width=\"457\">1. +Stanis\u0142aw\u0119 Mermer \/9 r. \u015bm.\/<\/p>\n<p>2. +Maria Mermer \/7 r. \u015bm.\/<\/td>\n<\/tr>\n<tr>\n<td rowspan=\"4\" width=\"166\"><strong>Pi\u0105tek<\/strong><\/p>\n<p><strong>21.02.2025r.<\/strong><\/p>\n<p><strong><em><u>Peregrynacja<\/u><\/em><\/strong><\/p>\n<p>&nbsp;<\/td>\n<td width=\"71\"><strong>7.30<\/strong><\/td>\n<td width=\"457\">+W\u0142adys\u0142aw, Janina Fie\u0144<\/td>\n<\/tr>\n<tr>\n<td width=\"71\"><strong>9.15<\/strong><\/td>\n<td width=\"457\">+Wojciech \u017b\u00f3\u0142kiewicz of. brat Leszek z rodzin\u0105<\/td>\n<\/tr>\n<tr>\n<td width=\"71\"><strong>11.00<\/strong><\/td>\n<td width=\"457\">+Joanna Gacek of. s\u0105siedzi z ul Lipowej i Nadrzecznej<\/td>\n<\/tr>\n<tr>\n<td width=\"71\"><strong>16.30<\/strong><\/td>\n<td width=\"457\">+ W 9 r. \u015bmierci J\u00f3zef, Maria Szmyd<\/td>\n<\/tr>\n<tr>\n<td rowspan=\"2\" width=\"166\"><strong>Sobota<\/strong><\/p>\n<p><strong>22.02.2025r.<\/strong><\/p>\n<p>&nbsp;<\/td>\n<td width=\"71\"><strong>7.00<\/strong><\/td>\n<td width=\"457\">+Maria \/40 r. \u015bm.\/, Stanis\u0142aw Gierliccy i zmarli rodzice i dzieci<\/td>\n<\/tr>\n<tr>\n<td width=\"71\"><strong>17.00<\/strong><\/td>\n<td width=\"457\">1. +Czes\u0142aw \/28 r. \u015bm.\/, Kazimier\u0119 \/18 r. \u015bm.\/, J\u00f3zef \/3 r. \u015bm.\/ Kielar<\/p>\n<p>2. +W\u0142adys\u0142aw, Zofia Pindara \/poza Parafi\u0105\/<\/td>\n<\/tr>\n<tr>\n<td rowspan=\"4\" width=\"166\"><strong>Niedziela<\/strong><\/p>\n<p><strong>23.02.2025r.<\/strong><\/p>\n<p>&nbsp;<\/td>\n<td width=\"71\"><strong>7.30<\/strong><\/td>\n<td width=\"457\">+Edward \/37 r. \u015bm.\/, J\u00f3zef\u0119, Stanis\u0142aw Szul<\/td>\n<\/tr>\n<tr>\n<td width=\"71\"><strong>9.15<\/strong><\/td>\n<td width=\"457\">+Aleksander, Ewelina Nowak<\/td>\n<\/tr>\n<tr>\n<td width=\"71\"><strong>11.00<\/strong><\/td>\n<td width=\"457\"><strong>Za Parafian<\/strong><\/td>\n<\/tr>\n<tr>\n<td width=\"71\"><strong>16.30<\/strong><\/td>\n<td width=\"457\">+Wies\u0142aw Rodzinka<\/td>\n<\/tr>\n<\/tbody>\n<\/table>\n","protected":false},"excerpt":{"rendered":"<p>Poniedzia\u0142ek 17.02.2025r. &nbsp; 7.00 +Stanis\u0142aw Dobosz of. Wies\u0142aw Szybka z rodzin\u0105 17.00 -O \u0142ask\u0119 zdrowia Wtorek 18.02.2025r. \u00a0 &nbsp; 7.00 -O \u0142ask\u0119 zdrowia 17.00 +Rozalia, Grzegorz, Waldemar \u015aroda 19.02.2025r. \u00a0 \u00a0 7.00 +Stanis\u0142aw, Stanis\u0142aw\u0119, Michalina 17.00 -Dzi\u0119kczynna w 25 rocznic\u0119 \u015blubu z pro\u015bb\u0105 o opiek\u0119 Bo\u017c\u0105 dla rodziny Czwartek 20.02.2025r.<span class=\"more-link\"><a href=\"https:\/\/parafiabesko.pl\/?p=10901\">Czytaj wi\u0119cej<\/a><\/span><\/p>\n","protected":false},"author":1,"featured_media":0,"comment_status":"closed","ping_status":"open","sticky":false,"template":"","format":"standard","meta":{"footnotes":""},"categories":[4],"tags":[],"class_list":["entry","author-adminparafiibesko","post-10901","post","type-post","status-publish","format-standard","category-intencje-mszalne"],"_links":{"self":[{"href":"https:\/\/parafiabesko.pl\/index.php?rest_route=\/wp\/v2\/posts\/10901","targetHints":{"allow":["GET"]}}],"collection":[{"href":"https:\/\/parafiabesko.pl\/index.php?rest_route=\/wp\/v2\/posts"}],"about":[{"href":"https:\/\/parafiabesko.pl\/index.php?rest_route=\/wp\/v2\/types\/post"}],"author":[{"embeddable":true,"href":"https:\/\/parafiabesko.pl\/index.php?rest_route=\/wp\/v2\/users\/1"}],"replies":[{"embeddable":true,"href":"https:\/\/parafiabesko.pl\/index.php?rest_route=%2Fwp%2Fv2%2Fcomments&post=10901"}],"version-history":[{"count":0,"href":"https:\/\/parafiabesko.pl\/index.php?rest_route=\/wp\/v2\/posts\/10901\/revisions"}],"wp:attachment":[{"href":"https:\/\/parafiabesko.pl\/index.php?rest_route=%2Fwp%2Fv2%2Fmedia&parent=10901"}],"wp:term":[{"taxonomy":"category","embeddable":true,"href":"https:\/\/parafiabesko.pl\/index.php?rest_route=%2Fwp%2Fv2%2Fcategories&post=10901"},{"taxonomy":"post_tag","embeddable":true,"href":"https:\/\/parafiabesko.pl\/index.php?rest_route=%2Fwp%2Fv2%2Ftags&post=10901"}],"curies":[{"name":"wp","href":"https:\/\/api.w.org\/{rel}","templated":true}]}}