{"id":1090,"date":"2013-08-04T05:48:26","date_gmt":"2013-08-04T05:48:26","guid":{"rendered":"http:\/\/parafiabesko.pl\/?p=1090"},"modified":"2013-08-04T05:48:26","modified_gmt":"2013-08-04T05:48:26","slug":"ogloszenia-04-08-2013","status":"publish","type":"post","link":"https:\/\/parafiabesko.pl\/?p=1090","title":{"rendered":"Og\u0142oszenia 04.08.2013"},"content":{"rendered":"<p style=\"text-align: justify;\">\n\t1. Rozpocz\u0105\u0142 si\u0119 miesi\u0105c sierpie\u0144 czas narodowych zwyci\u0119stw pod sztandarem Maryi, a tak\u017ce czas modlitwy o trze\u017awo\u015b\u0107 Narodu Polskiego. Zach\u0119camy Parafian do podj\u0119cia abstynencji. Miejmy si\u0142\u0119 i odwag\u0119 przeciwstawia\u0107 si\u0119 z\u0142u, podejmuj\u0105c ofiarny czyn, \u015bwiadomi jak wiele zale\u017cy od naszej osobistej postawy.\n<\/p>\n<p><!--more--><\/p>\n<p style=\"text-align: justify;\">\n\t2. Dzisiaj Niedziela Adoracyjna od godz. 12.00 &ndash; 16.00 prywatna adoracja rodzin, o godz. 16.00 Nabo\u017ce\u0144stwo R&oacute;\u017ca\u0144cowe i zmiana tajemnic &ndash; adoruje r&oacute;\u017ca Ziemia\u0144skiej Bronis\u0142awy.\n<\/p>\n<p style=\"text-align: justify;\">\n\t3. Taca z dzisiejszej niedzieli przeznaczona jest na potrzeby archidiecezji.\n<\/p>\n<p style=\"text-align: justify;\">\n\t4. We wtorek 6 sierpnia &ndash; \u015bwi\u0119to Przemienienia Pa\u0144skiego. W tym dniu z racji Roku Wiary mo\u017cna zyska\u0107 odpust zupe\u0142ny pod zwyk\u0142ymi warunkami za udzia\u0142 w celebracji z Wyznaniem wiary.\n<\/p>\n<p style=\"text-align: justify;\">\n\t5. We wtorek o godz.18.00 Nabo\u017ce\u0144stwo do Bo\u017cego Mi\u0142osierdzia.\n<\/p>\n<p style=\"text-align: justify;\">\n\t6. We \u015brod\u0119 o godz. 18.00 Nowenna do Matki Bo\u017cej Nieustaj\u0105cej Pomocy.\n<\/p>\n<p style=\"text-align: justify;\">\n\t7. W pi\u0105tek, 9 sierpnia&ndash; \u015bwi\u0119to \u015bw. Teresy Benedykty od Krzy\u017ca, patronki Europy.<\/p>\n","protected":false},"excerpt":{"rendered":"<p>1. Rozpocz\u0105\u0142 si\u0119 miesi\u0105c sierpie\u0144 czas narodowych zwyci\u0119stw pod sztandarem Maryi, a tak\u017ce czas modlitwy o trze\u017awo\u015b\u0107 Narodu Polskiego. Zach\u0119camy Parafian do podj\u0119cia abstynencji. Miejmy si\u0142\u0119 i odwag\u0119 przeciwstawia\u0107 si\u0119 z\u0142u, podejmuj\u0105c ofiarny czyn, \u015bwiadomi jak wiele zale\u017cy od naszej osobistej postawy.<span class=\"more-link\"><a href=\"https:\/\/parafiabesko.pl\/?p=1090\">Czytaj wi\u0119cej<\/a><\/span><\/p>\n","protected":false},"author":1,"featured_media":1059,"comment_status":"closed","ping_status":"open","sticky":false,"template":"","format":"standard","meta":{"footnotes":""},"categories":[7],"tags":[],"class_list":["entry","author-adminparafiibesko","has-more-link","post-1090","post","type-post","status-publish","format-standard","has-post-thumbnail","category-ogloszenia-parafialne"],"_links":{"self":[{"href":"https:\/\/parafiabesko.pl\/index.php?rest_route=\/wp\/v2\/posts\/1090","targetHints":{"allow":["GET"]}}],"collection":[{"href":"https:\/\/parafiabesko.pl\/index.php?rest_route=\/wp\/v2\/posts"}],"about":[{"href":"https:\/\/parafiabesko.pl\/index.php?rest_route=\/wp\/v2\/types\/post"}],"author":[{"embeddable":true,"href":"https:\/\/parafiabesko.pl\/index.php?rest_route=\/wp\/v2\/users\/1"}],"replies":[{"embeddable":true,"href":"https:\/\/parafiabesko.pl\/index.php?rest_route=%2Fwp%2Fv2%2Fcomments&post=1090"}],"version-history":[{"count":0,"href":"https:\/\/parafiabesko.pl\/index.php?rest_route=\/wp\/v2\/posts\/1090\/revisions"}],"wp:featuredmedia":[{"embeddable":true,"href":"https:\/\/parafiabesko.pl\/index.php?rest_route=\/"}],"wp:attachment":[{"href":"https:\/\/parafiabesko.pl\/index.php?rest_route=%2Fwp%2Fv2%2Fmedia&parent=1090"}],"wp:term":[{"taxonomy":"category","embeddable":true,"href":"https:\/\/parafiabesko.pl\/index.php?rest_route=%2Fwp%2Fv2%2Fcategories&post=1090"},{"taxonomy":"post_tag","embeddable":true,"href":"https:\/\/parafiabesko.pl\/index.php?rest_route=%2Fwp%2Fv2%2Ftags&post=1090"}],"curies":[{"name":"wp","href":"https:\/\/api.w.org\/{rel}","templated":true}]}}