{"id":10894,"date":"2025-02-08T17:22:24","date_gmt":"2025-02-08T17:22:24","guid":{"rendered":"https:\/\/parafiabesko.pl\/?p=10894"},"modified":"2025-02-08T17:22:24","modified_gmt":"2025-02-08T17:22:24","slug":"ogloszenia-parafialne-5-niedziela-zwykla-9-02-2025r","status":"publish","type":"post","link":"https:\/\/parafiabesko.pl\/?p=10894","title":{"rendered":"Og\u0142oszenia parafialne 5 Niedziela zwyk\u0142a 9.02.2025r."},"content":{"rendered":"<h3>W poniedzia\u0142ek o godz.17. modlitwa przy relikwiach \u015bw. Jana Paw\u0142a II.<\/h3>\n<h3>We wtorek 11 lutego, <strong>Wspomnienie NMP z Loures.<\/strong> Jest to <strong>\u015awiatowy Dzie\u0144 Chorego.<\/strong> Zapraszamy chorych do ko\u015bcio\u0142a Besku na godzin\u0119 16.00, b\u0119dzie okazja do spowiedzi, nast\u0119pnie adoracja Naj\u015bwi\u0119tszego Sakramentu, b\u0142ogos\u0142awie\u0144stwo i udzielenie Sakramentu Chorych o godz. 17.00 Msza \u015bwi\u0119ta.<\/h3>\n<h3>We wtorek 11 lutego dzie\u0144 modlitw z nasz\u0105 umi\u0142owan\u0105 Ojczyzn\u0119.<\/h3>\n<h3>We wtorek 11 lutego w naszej Parafii rozpoczyna si\u0119 nowenna przed Peregrynacj\u0105 obrazu NSPJ w naszej Parafii.<\/h3>\n<h3>We \u015brod\u0119 o godz. 17.00 Nowenna do Matki Bo\u017cej Nieustaj\u0105cej Pomocy.<\/h3>\n<h3>W pi\u0105tek rozpoczynaj\u0105 si\u0119 rekolekcje przed Peregrynacj\u0105 obrazu NSPJ w naszej Parafii.<\/h3>\n<h3>W sobot\u0119 z racji rekolekcji nie b\u0119dzie Mszy \u015bw. o godz. 7.00.<\/h3>\n<h3>Informujemy Parafian, \u017ce wikariusz ks. Tomasz Mozgowoj zako\u0144czy\u0142 pos\u0142ug\u0119 duszpastersk\u0105 w naszej Parafii ze wzgl\u0119d\u00f3w zdrowotnych. Dzi\u0119kujemy za prac\u0119 duszpastersk\u0105 w naszej Parafii, polecamy modlitwie Parafian i \u017cyczymy powrotu do zdrowia.<\/h3>\n<h3>Intencje mszalne przyj\u0119te dla 3 ksi\u0119dza odprawia ksi\u0105dz emeryt poza nasz\u0105 Parafi\u0105. W naszej \u015bwi\u0105tyni wspominamy t\u0119 intencj\u0119 i modlimy si\u0119 te\u017c w tej intencji.<\/h3>\n<h3><strong>Parafia Besko w zaistnia\u0142ej sytuacji intencji mszalnych <u>nie przyjmuje<\/u>. Prosimy o zrozumienie.<\/strong><\/h3>\n","protected":false},"excerpt":{"rendered":"<p>W poniedzia\u0142ek o godz.17. modlitwa przy relikwiach \u015bw. Jana Paw\u0142a II. We wtorek 11 lutego, Wspomnienie NMP z Loures. Jest to \u015awiatowy Dzie\u0144 Chorego. Zapraszamy chorych do ko\u015bcio\u0142a Besku na godzin\u0119 16.00, b\u0119dzie okazja do spowiedzi, nast\u0119pnie adoracja Naj\u015bwi\u0119tszego Sakramentu, b\u0142ogos\u0142awie\u0144stwo i udzielenie Sakramentu Chorych o godz. 17.00 Msza \u015bwi\u0119ta.<span class=\"more-link\"><a href=\"https:\/\/parafiabesko.pl\/?p=10894\">Czytaj wi\u0119cej<\/a><\/span><\/p>\n","protected":false},"author":1,"featured_media":0,"comment_status":"closed","ping_status":"open","sticky":false,"template":"","format":"standard","meta":{"footnotes":""},"categories":[7],"tags":[],"class_list":["entry","author-adminparafiibesko","post-10894","post","type-post","status-publish","format-standard","category-ogloszenia-parafialne"],"_links":{"self":[{"href":"https:\/\/parafiabesko.pl\/index.php?rest_route=\/wp\/v2\/posts\/10894","targetHints":{"allow":["GET"]}}],"collection":[{"href":"https:\/\/parafiabesko.pl\/index.php?rest_route=\/wp\/v2\/posts"}],"about":[{"href":"https:\/\/parafiabesko.pl\/index.php?rest_route=\/wp\/v2\/types\/post"}],"author":[{"embeddable":true,"href":"https:\/\/parafiabesko.pl\/index.php?rest_route=\/wp\/v2\/users\/1"}],"replies":[{"embeddable":true,"href":"https:\/\/parafiabesko.pl\/index.php?rest_route=%2Fwp%2Fv2%2Fcomments&post=10894"}],"version-history":[{"count":0,"href":"https:\/\/parafiabesko.pl\/index.php?rest_route=\/wp\/v2\/posts\/10894\/revisions"}],"wp:attachment":[{"href":"https:\/\/parafiabesko.pl\/index.php?rest_route=%2Fwp%2Fv2%2Fmedia&parent=10894"}],"wp:term":[{"taxonomy":"category","embeddable":true,"href":"https:\/\/parafiabesko.pl\/index.php?rest_route=%2Fwp%2Fv2%2Fcategories&post=10894"},{"taxonomy":"post_tag","embeddable":true,"href":"https:\/\/parafiabesko.pl\/index.php?rest_route=%2Fwp%2Fv2%2Ftags&post=10894"}],"curies":[{"name":"wp","href":"https:\/\/api.w.org\/{rel}","templated":true}]}}