{"id":10892,"date":"2025-02-08T17:18:59","date_gmt":"2025-02-08T17:18:59","guid":{"rendered":"https:\/\/parafiabesko.pl\/?p=10892"},"modified":"2025-02-08T17:18:59","modified_gmt":"2025-02-08T17:18:59","slug":"intencje-mszalne-10-16-02-2025r","status":"publish","type":"post","link":"https:\/\/parafiabesko.pl\/?p=10892","title":{"rendered":"Intencje mszalne 10-16.02.2025r."},"content":{"rendered":"<table>\n<tbody>\n<tr>\n<td rowspan=\"2\" width=\"166\"><strong>Poniedzia\u0142ek<\/strong><\/p>\n<p><strong>10.02.2025r.<\/strong><\/p>\n<p>&nbsp;<\/td>\n<td width=\"71\"><strong>7.00<\/strong><\/td>\n<td width=\"457\">+Stanis\u0142aw Dobosz of. dyrekcja, nauczyciele i pracownicy szko\u0142y w Besku<\/td>\n<\/tr>\n<tr>\n<td width=\"71\"><strong>17.00<\/strong><\/td>\n<td width=\"457\">1. +Stefani\u0119 \u015amietana \/24 r. \u015bm.\/<\/p>\n<p>2. +Stanis\u0142aw\u0119, Julian Wr\u00f3bel \/poza Parafi\u0105\/<\/td>\n<\/tr>\n<tr>\n<td rowspan=\"2\" width=\"166\"><strong>Wtorek<\/strong><\/p>\n<p><strong>11.02.2025r.<\/strong><\/p>\n<p><strong>\u00a0<\/strong><\/p>\n<p>&nbsp;<\/td>\n<td width=\"71\"><strong>7.00<\/strong><\/td>\n<td width=\"457\">+Janina, Stanis\u0142aw Mroczkowscy<\/td>\n<\/tr>\n<tr>\n<td width=\"71\"><strong>17.00<\/strong><\/td>\n<td width=\"457\">1. +Irena, Jacek \u015aliwka \/poza Parafi\u0105\/<\/p>\n<p>2. +Stanis\u0142aw Dobosz of. Teresa Pelczarska z rodzin\u0105<\/td>\n<\/tr>\n<tr>\n<td rowspan=\"2\" width=\"166\"><strong>\u015aroda<\/strong><\/p>\n<p><strong>12.02.2025r.<\/strong><\/p>\n<p><strong>\u00a0<\/strong><\/p>\n<p><strong>\u00a0<\/strong><\/td>\n<td width=\"71\"><strong>7.00<\/strong><\/td>\n<td width=\"457\">+Witold B\u0142a\u017c of. \u017cona<\/td>\n<\/tr>\n<tr>\n<td width=\"71\"><strong>17.00<\/strong><\/td>\n<td width=\"457\">1. +Rozalia, Grzegorz \/poza Parafi\u0105\/<\/p>\n<p>2. +Joanna Gacek of. rodzice<\/td>\n<\/tr>\n<tr>\n<td rowspan=\"2\" width=\"166\"><strong>Czwartek<\/strong><\/p>\n<p><strong>13.02.2025r.<\/strong><\/p>\n<p><strong>\u00a0<\/strong><\/p>\n<p>&nbsp;<\/td>\n<td width=\"71\"><strong>7.00<\/strong><\/td>\n<td width=\"457\">+Wojciech \u017b\u00f3\u0142kiewicz of. rodzice<\/td>\n<\/tr>\n<tr>\n<td width=\"71\"><strong>17.00<\/strong><\/td>\n<td width=\"457\">1. +Agnieszka Matuszek<\/p>\n<p>2. +Witold B\u0142a\u017c of. syn Krzysztof z rodzin\u0105 \/poza Parafi\u0105\/<\/td>\n<\/tr>\n<tr>\n<td rowspan=\"2\" width=\"166\"><strong>Pi\u0105tek<\/strong><\/p>\n<p><strong>14.02.2025r.<\/strong><\/p>\n<p><strong><em><u>Rekolekcje<\/u><\/em><\/strong><\/p>\n<p><strong>\u00a0<\/strong><\/p>\n<p>&nbsp;<\/td>\n<td width=\"71\"><strong>7.00<\/strong><\/td>\n<td width=\"457\">+Joanna Gacek of. m\u0105\u017c Krzysztof<\/td>\n<\/tr>\n<tr>\n<td width=\"71\"><strong>17.00<\/strong><\/td>\n<td width=\"457\">+Barbara Gadecka of. Edyta, Iwona, Ma\u0142gorzata<\/td>\n<\/tr>\n<tr>\n<td rowspan=\"2\" width=\"166\"><strong>Sobota<\/strong><\/p>\n<p><strong>15.02.2025r.<\/strong><\/p>\n<p><strong><em><u>Rekolekcje<\/u><\/em><\/strong><\/p>\n<p><strong>\u00a0<\/strong><\/p>\n<p><strong>\u00a0<\/strong><\/p>\n<p>&nbsp;<\/td>\n<td width=\"71\"><strong>9.00<\/strong><\/td>\n<td width=\"457\">1. +Za dusze w czyjscu cierpi\u0105ce<\/p>\n<p>2. \u2013Dzi\u0119kczynna w 45 rocznic\u0119 urodzin\u00a0 \u2013 Bogu, rodzicom i rodze\u0144stwu<\/td>\n<\/tr>\n<tr>\n<td width=\"71\"><strong>17.00<\/strong><\/td>\n<td width=\"457\">+J\u00f3zef Skubel \/13 r. \u015bm.\/, Barbara<\/td>\n<\/tr>\n<tr>\n<td rowspan=\"4\" width=\"166\"><strong>Niedziela<\/strong><\/p>\n<p><strong>16.02.2025r.<\/strong><\/p>\n<p><strong><em><u>Rekolekcje<\/u><\/em><\/strong><\/p>\n<p><strong>\u00a0<\/strong><\/p>\n<p><strong>\u00a0<\/strong><\/p>\n<p>&nbsp;<\/td>\n<td width=\"71\"><strong>7.30<\/strong><\/td>\n<td width=\"457\">+J\u00f3zef\u0119, Stanis\u0142aw Rajchel i zm. rodzice<\/td>\n<\/tr>\n<tr>\n<td width=\"71\"><strong>9.15<\/strong><\/td>\n<td width=\"457\">+Tadeusz Saj (1 rocznica \u015bmierci)<\/td>\n<\/tr>\n<tr>\n<td width=\"71\"><strong>11.00<\/strong><\/td>\n<td width=\"457\"><strong>Za Parafian<\/strong><\/td>\n<\/tr>\n<tr>\n<td width=\"71\"><strong>16.30<\/strong><\/td>\n<td width=\"457\">+Agnieszka Matuszek<\/td>\n<\/tr>\n<\/tbody>\n<\/table>\n","protected":false},"excerpt":{"rendered":"<p>Poniedzia\u0142ek 10.02.2025r. &nbsp; 7.00 +Stanis\u0142aw Dobosz of. dyrekcja, nauczyciele i pracownicy szko\u0142y w Besku 17.00 1. +Stefani\u0119 \u015amietana \/24 r. \u015bm.\/ 2. +Stanis\u0142aw\u0119, Julian Wr\u00f3bel \/poza Parafi\u0105\/ Wtorek 11.02.2025r. \u00a0 &nbsp; 7.00 +Janina, Stanis\u0142aw Mroczkowscy 17.00 1. +Irena, Jacek \u015aliwka \/poza Parafi\u0105\/ 2. +Stanis\u0142aw Dobosz of. Teresa Pelczarska z rodzin\u0105<span class=\"more-link\"><a href=\"https:\/\/parafiabesko.pl\/?p=10892\">Czytaj wi\u0119cej<\/a><\/span><\/p>\n","protected":false},"author":1,"featured_media":0,"comment_status":"closed","ping_status":"open","sticky":false,"template":"","format":"standard","meta":{"footnotes":""},"categories":[4],"tags":[],"class_list":["entry","author-adminparafiibesko","post-10892","post","type-post","status-publish","format-standard","category-intencje-mszalne"],"_links":{"self":[{"href":"https:\/\/parafiabesko.pl\/index.php?rest_route=\/wp\/v2\/posts\/10892","targetHints":{"allow":["GET"]}}],"collection":[{"href":"https:\/\/parafiabesko.pl\/index.php?rest_route=\/wp\/v2\/posts"}],"about":[{"href":"https:\/\/parafiabesko.pl\/index.php?rest_route=\/wp\/v2\/types\/post"}],"author":[{"embeddable":true,"href":"https:\/\/parafiabesko.pl\/index.php?rest_route=\/wp\/v2\/users\/1"}],"replies":[{"embeddable":true,"href":"https:\/\/parafiabesko.pl\/index.php?rest_route=%2Fwp%2Fv2%2Fcomments&post=10892"}],"version-history":[{"count":0,"href":"https:\/\/parafiabesko.pl\/index.php?rest_route=\/wp\/v2\/posts\/10892\/revisions"}],"wp:attachment":[{"href":"https:\/\/parafiabesko.pl\/index.php?rest_route=%2Fwp%2Fv2%2Fmedia&parent=10892"}],"wp:term":[{"taxonomy":"category","embeddable":true,"href":"https:\/\/parafiabesko.pl\/index.php?rest_route=%2Fwp%2Fv2%2Fcategories&post=10892"},{"taxonomy":"post_tag","embeddable":true,"href":"https:\/\/parafiabesko.pl\/index.php?rest_route=%2Fwp%2Fv2%2Ftags&post=10892"}],"curies":[{"name":"wp","href":"https:\/\/api.w.org\/{rel}","templated":true}]}}