{"id":10889,"date":"2025-02-02T13:37:29","date_gmt":"2025-02-02T13:37:29","guid":{"rendered":"https:\/\/parafiabesko.pl\/?p=10889"},"modified":"2025-02-02T13:37:29","modified_gmt":"2025-02-02T13:37:29","slug":"ogloszenia-parafialne-4-niedziela-zwykla-2-02-2025r","status":"publish","type":"post","link":"https:\/\/parafiabesko.pl\/?p=10889","title":{"rendered":"Og\u0142oszenia parafialne 4 Niedziela zwyk\u0142a 2.02.2025r."},"content":{"rendered":"<h3>Dzisiaj <strong>2 lutego &#8211; \u015awi\u0119to<\/strong> <strong>Ofiarowania Pa\u0144skiego \u2013 Matki Bo\u017cej Gromnicznej.<\/strong> Na ka\u017cdej Mszy \u015bwi\u0119tej po\u015bwi\u0119cenie gromnic. W naszej Parafii <strong>Niedziela Adoracyjna<\/strong> \u2013 od godziny 12.00 do 16.00 prywatna adoracja rodzin. O godz. 16.00 nabo\u017ce\u0144stwo r\u00f3\u017ca\u0144cowe i zmiana tajemnic \u2013 adoruje r\u00f3\u017ca MB Gromnicznej prze\u0142o\u017cona Zofia Rzo\u0144ca. W tym dniu modlimy si\u0119 za osoby konsekrowane, taca przeznaczona jest na potrzeby Archidiecezji a po Mszach \u015bw. zbi\u00f3rka do puszki na zakony klauzurowe.<\/h3>\n<h3>Dzisiaj przed sum\u0105 o godz. 11.00 Koncert kol\u0119d w wykonaniu scholi i orkiestry OSP w Besku. Serdecznie zapraszamy.<\/h3>\n<h3>Spowied\u017a przed pierwszym pi\u0105tkiem miesi\u0105ca od poniedzia\u0142ku rano i wieczorem przed Msz\u0105 \u015bwi\u0119t\u0105. Dzieci i m\u0142odzie\u017c do spowiedzi zapraszamy we \u015brod\u0119 od godziny 16.00.<\/h3>\n<h3>W poniedzia\u0142ek o godz. 17.00 modlitwa przy relikwiach \u015bw. Jana Paw\u0142a II.<\/h3>\n<h3>We wtorek o godz. 17.00 Nabo\u017ce\u0144stwo do Bo\u017cego Mi\u0142osierdzia<\/h3>\n<h3>We \u015brod\u0119 o godz. 17.00 Nowenna do Matki Bo\u017cej Nieustaj\u0105cej Pomocy.<\/h3>\n<h3>Pierwszy czwartek miesi\u0105ca o godz. 17.00 Godzina \u015bw.<\/h3>\n<h3>Pierwszy pi\u0105tek miesi\u0105ca. Rano o godz. 7.00 Msza \u015bw. i adoracja, adoruje r\u00f3\u017ca \u015aw. siostry Faustyny, prze\u0142o\u017cona Maria Mroczkowska. Wieczorem o godz. 17.00 Msza \u015bw. i adoracja. W Mymoniu i Por\u0119bach o godz. 15.00 adoracja, spowied\u017a i Msza \u015bw. Odwiedziny chorych w Besku od godz. 8.00.<\/h3>\n<h3>Dzi\u0119kujemy Parafianom: Wojciech Zubik, Piotr Rodzinka, Pawe\u0142 Mermer, Piotr Raczek, Jerzy Krupianik, Janusz Chrobak, Piotr Suwa\u0142a, Ireneusz Hedesz, Jakub I\u017cowski i Andrzej Roman \u2013 za z\u0142o\u017cenie drewna na prace przy zabytkowym ko\u015bciele. B\u00f3g zap\u0142a\u0107!<\/h3>\n","protected":false},"excerpt":{"rendered":"<p>Dzisiaj 2 lutego &#8211; \u015awi\u0119to Ofiarowania Pa\u0144skiego \u2013 Matki Bo\u017cej Gromnicznej. Na ka\u017cdej Mszy \u015bwi\u0119tej po\u015bwi\u0119cenie gromnic. W naszej Parafii Niedziela Adoracyjna \u2013 od godziny 12.00 do 16.00 prywatna adoracja rodzin. O godz. 16.00 nabo\u017ce\u0144stwo r\u00f3\u017ca\u0144cowe i zmiana tajemnic \u2013 adoruje r\u00f3\u017ca MB Gromnicznej prze\u0142o\u017cona Zofia Rzo\u0144ca. W tym dniu<span class=\"more-link\"><a href=\"https:\/\/parafiabesko.pl\/?p=10889\">Czytaj wi\u0119cej<\/a><\/span><\/p>\n","protected":false},"author":1,"featured_media":0,"comment_status":"closed","ping_status":"open","sticky":false,"template":"","format":"standard","meta":{"footnotes":""},"categories":[7],"tags":[],"class_list":["entry","author-adminparafiibesko","post-10889","post","type-post","status-publish","format-standard","category-ogloszenia-parafialne"],"_links":{"self":[{"href":"https:\/\/parafiabesko.pl\/index.php?rest_route=\/wp\/v2\/posts\/10889","targetHints":{"allow":["GET"]}}],"collection":[{"href":"https:\/\/parafiabesko.pl\/index.php?rest_route=\/wp\/v2\/posts"}],"about":[{"href":"https:\/\/parafiabesko.pl\/index.php?rest_route=\/wp\/v2\/types\/post"}],"author":[{"embeddable":true,"href":"https:\/\/parafiabesko.pl\/index.php?rest_route=\/wp\/v2\/users\/1"}],"replies":[{"embeddable":true,"href":"https:\/\/parafiabesko.pl\/index.php?rest_route=%2Fwp%2Fv2%2Fcomments&post=10889"}],"version-history":[{"count":0,"href":"https:\/\/parafiabesko.pl\/index.php?rest_route=\/wp\/v2\/posts\/10889\/revisions"}],"wp:attachment":[{"href":"https:\/\/parafiabesko.pl\/index.php?rest_route=%2Fwp%2Fv2%2Fmedia&parent=10889"}],"wp:term":[{"taxonomy":"category","embeddable":true,"href":"https:\/\/parafiabesko.pl\/index.php?rest_route=%2Fwp%2Fv2%2Fcategories&post=10889"},{"taxonomy":"post_tag","embeddable":true,"href":"https:\/\/parafiabesko.pl\/index.php?rest_route=%2Fwp%2Fv2%2Ftags&post=10889"}],"curies":[{"name":"wp","href":"https:\/\/api.w.org\/{rel}","templated":true}]}}