{"id":10887,"date":"2025-02-02T13:33:57","date_gmt":"2025-02-02T13:33:57","guid":{"rendered":"https:\/\/parafiabesko.pl\/?p=10887"},"modified":"2025-02-02T13:33:57","modified_gmt":"2025-02-02T13:33:57","slug":"intencje-mszalne-3-9-02-2025r","status":"publish","type":"post","link":"https:\/\/parafiabesko.pl\/?p=10887","title":{"rendered":"Intencje mszalne 3-9.02.2025r"},"content":{"rendered":"<table>\n<tbody>\n<tr>\n<td rowspan=\"2\" width=\"166\"><strong>Poniedzia\u0142ek<\/strong><\/p>\n<p><strong>3.02.2025r.<\/strong><\/p>\n<p>&nbsp;<\/td>\n<td width=\"71\"><strong>7.00<\/strong><\/td>\n<td width=\"457\">+Stanis\u0142aw\u0119 Szybka\u00a0 of. Ireneusz z Iwonicza<\/td>\n<\/tr>\n<tr>\n<td width=\"71\"><strong>17.00<\/strong><\/td>\n<td width=\"457\">1. +Eugeniusz, Stanis\u0142aw\u0119 Szybka<\/p>\n<p>2. +Maria Wojtasik of. wnuczka Anna z rodzin\u0105<\/td>\n<\/tr>\n<tr>\n<td rowspan=\"2\" width=\"166\"><strong>Wtorek<\/strong><\/p>\n<p><strong>4.02.2025r.<\/strong><\/p>\n<p><strong>\u00a0<\/strong><\/p>\n<p>&nbsp;<\/td>\n<td width=\"71\"><strong>7.00<\/strong><\/td>\n<td width=\"457\">+Stanis\u0142aw\u0119 Szybka of. rodz. \u015amietana<\/td>\n<\/tr>\n<tr>\n<td width=\"71\"><strong>17.00<\/strong><\/td>\n<td width=\"457\">1. \u2013W 18 urodziny Jakuba z pro\u015bb\u0105 o opiek\u0119 Bo\u017c\u0105 w doros\u0142ym \u017cyciu<\/p>\n<p>2. +Maria Wojtasik of. rodz. Do\u0142\u017ca\u0144skich<\/td>\n<\/tr>\n<tr>\n<td rowspan=\"2\" width=\"166\"><strong>\u015aroda<\/strong><\/p>\n<p><strong>5.02.2025r.<\/strong><\/p>\n<p><strong>\u00a0<\/strong><\/p>\n<p><strong>\u00a0<\/strong><\/td>\n<td width=\"71\"><strong>7.00<\/strong><\/td>\n<td width=\"457\">+Maria, J\u00f3zef Roman<\/td>\n<\/tr>\n<tr>\n<td width=\"71\"><strong>17.00<\/strong><\/td>\n<td width=\"457\">1. +Edward Ja\u015blar \/2 r. \u015bm.\/ i Sylwester J\u00f3zefczyk \/8 r. \u015bm.\/<\/p>\n<p>2. +Stanis\u0142aw Dobosz of. c\u00f3rka Wies\u0142awa z rodzin\u0105<\/td>\n<\/tr>\n<tr>\n<td rowspan=\"2\" width=\"166\"><strong>Czwartek<\/strong><\/p>\n<p><strong>6.02.2025r.<\/strong><\/p>\n<p><strong>\u00a0<\/strong><\/p>\n<p>&nbsp;<\/td>\n<td width=\"71\"><strong>7.00<\/strong><\/td>\n<td width=\"457\">+Stanis\u0142aw\u0119 Szybka of. rodz. Szajner i Mermer z ul. Kolejowej<\/td>\n<\/tr>\n<tr>\n<td width=\"71\"><strong>17.00<\/strong><\/td>\n<td width=\"457\">1. +Franciszek, Stanis\u0142aw\u0119, Stanis\u0142aw<\/p>\n<p>2. \u2013Dzi\u0119kczynna w 50 r. \u015blubu Gra\u017cyny i Tadeusza z pro\u015bb\u0105 o opiek\u0119 Bo\u017c\u0105 dla rodziny<\/td>\n<\/tr>\n<tr>\n<td rowspan=\"2\" width=\"166\"><strong>Pi\u0105tek<\/strong><\/p>\n<p><strong>7.02.2025r.<\/strong><\/p>\n<p><strong>\u00a0<\/strong><\/p>\n<p>&nbsp;<\/td>\n<td width=\"71\"><strong>7.00<\/strong><\/td>\n<td width=\"457\">+Zofia Drozd of. kole\u017canki i koledzy \u0141ucji<\/td>\n<\/tr>\n<tr>\n<td width=\"71\"><strong>17.00<\/strong><\/td>\n<td width=\"457\">+Edward Ja\u015blar of. c\u00f3rka Ewa<\/td>\n<\/tr>\n<tr>\n<td rowspan=\"2\" width=\"166\"><strong>Sobota<\/strong><\/p>\n<p><strong>8.02.2025r.<\/strong><\/p>\n<p><strong>\u00a0<\/strong><\/p>\n<p>&nbsp;<\/td>\n<td width=\"71\"><strong>7.00<\/strong><\/td>\n<td width=\"457\">+Czes\u0142aw \/40 r. \u015bm.\/, Maria Wojtasik<\/td>\n<\/tr>\n<tr>\n<td width=\"71\"><strong>17.00<\/strong><\/td>\n<td width=\"457\">1. +Janina, Jan, Stanis\u0142aw Mermer<\/p>\n<p>2. +Czes\u0142aw Wojtasik \/40 r. \u015bm.\/<\/td>\n<\/tr>\n<tr>\n<td rowspan=\"4\" width=\"166\"><strong>Niedziela<\/strong><\/p>\n<p><strong>9.02.2025r.<\/strong><\/p>\n<p><strong>\u00a0<\/strong><\/p>\n<p>&nbsp;<\/td>\n<td width=\"71\"><strong>7.30<\/strong><\/td>\n<td width=\"457\">+Maria Betlej \/14 r. \u015bm.\/<\/td>\n<\/tr>\n<tr>\n<td width=\"71\"><strong>9.15<\/strong><\/td>\n<td width=\"457\">+Franciszek, Maria i zm. z rodziny<\/td>\n<\/tr>\n<tr>\n<td width=\"71\"><strong>11.00<\/strong><\/td>\n<td width=\"457\"><strong>Za Parafian<\/strong><\/td>\n<\/tr>\n<tr>\n<td width=\"71\"><strong>16.30<\/strong><\/td>\n<td width=\"457\">+Adam Szuba<\/td>\n<\/tr>\n<\/tbody>\n<\/table>\n","protected":false},"excerpt":{"rendered":"<p>Poniedzia\u0142ek 3.02.2025r. &nbsp; 7.00 +Stanis\u0142aw\u0119 Szybka\u00a0 of. Ireneusz z Iwonicza 17.00 1. +Eugeniusz, Stanis\u0142aw\u0119 Szybka 2. +Maria Wojtasik of. wnuczka Anna z rodzin\u0105 Wtorek 4.02.2025r. \u00a0 &nbsp; 7.00 +Stanis\u0142aw\u0119 Szybka of. rodz. \u015amietana 17.00 1. \u2013W 18 urodziny Jakuba z pro\u015bb\u0105 o opiek\u0119 Bo\u017c\u0105 w doros\u0142ym \u017cyciu 2. +Maria Wojtasik<span class=\"more-link\"><a href=\"https:\/\/parafiabesko.pl\/?p=10887\">Czytaj wi\u0119cej<\/a><\/span><\/p>\n","protected":false},"author":1,"featured_media":0,"comment_status":"closed","ping_status":"open","sticky":false,"template":"","format":"standard","meta":{"footnotes":""},"categories":[4],"tags":[],"class_list":["entry","author-adminparafiibesko","post-10887","post","type-post","status-publish","format-standard","category-intencje-mszalne"],"_links":{"self":[{"href":"https:\/\/parafiabesko.pl\/index.php?rest_route=\/wp\/v2\/posts\/10887","targetHints":{"allow":["GET"]}}],"collection":[{"href":"https:\/\/parafiabesko.pl\/index.php?rest_route=\/wp\/v2\/posts"}],"about":[{"href":"https:\/\/parafiabesko.pl\/index.php?rest_route=\/wp\/v2\/types\/post"}],"author":[{"embeddable":true,"href":"https:\/\/parafiabesko.pl\/index.php?rest_route=\/wp\/v2\/users\/1"}],"replies":[{"embeddable":true,"href":"https:\/\/parafiabesko.pl\/index.php?rest_route=%2Fwp%2Fv2%2Fcomments&post=10887"}],"version-history":[{"count":0,"href":"https:\/\/parafiabesko.pl\/index.php?rest_route=\/wp\/v2\/posts\/10887\/revisions"}],"wp:attachment":[{"href":"https:\/\/parafiabesko.pl\/index.php?rest_route=%2Fwp%2Fv2%2Fmedia&parent=10887"}],"wp:term":[{"taxonomy":"category","embeddable":true,"href":"https:\/\/parafiabesko.pl\/index.php?rest_route=%2Fwp%2Fv2%2Fcategories&post=10887"},{"taxonomy":"post_tag","embeddable":true,"href":"https:\/\/parafiabesko.pl\/index.php?rest_route=%2Fwp%2Fv2%2Ftags&post=10887"}],"curies":[{"name":"wp","href":"https:\/\/api.w.org\/{rel}","templated":true}]}}