{"id":10884,"date":"2025-01-26T16:59:28","date_gmt":"2025-01-26T16:59:28","guid":{"rendered":"https:\/\/parafiabesko.pl\/?p=10884"},"modified":"2025-01-26T16:59:28","modified_gmt":"2025-01-26T16:59:28","slug":"ogloszenia-parafialne-3-niedziela-zwykla-26-01-2025r","status":"publish","type":"post","link":"https:\/\/parafiabesko.pl\/?p=10884","title":{"rendered":"Og\u0142oszenia parafialne 3 Niedziela zwyk\u0142a 26.01.2025r."},"content":{"rendered":"<h3>Dzisiaj <strong>Niedziela S\u0142owa Bo\u017cego<\/strong>. Zach\u0119camy Parafian do lektury Pisma \u015awi\u0119tego.<\/h3>\n<h3>W poniedzia\u0142ek o godz. 17.00 modlitwa przy relikwiach \u015bw. Jana Paw\u0142a II.<\/h3>\n<h3>We wtorek o godz. 17.00 Nabo\u017ce\u0144stwo do Bo\u017cego Mi\u0142osierdzia.<\/h3>\n<h3>We \u015brod\u0119 o godz. 17.00 Nowenna do Matki Bo\u017cej Nieustaj\u0105cej Pomocy.<\/h3>\n<h3>Pierwsza sobota miesi\u0105ca o godzinie 7.00 Msza \u015bw. i nabo\u017ce\u0144stwo do Matki Bo\u017cej adoruje r\u00f3\u017ca Matki Teresy z Kalkuty prze\u0142o\u017cona Kazimiera Kasperkowicz, wieczorem o godzinie 17.00 Msza \u015bwi\u0119ta i nabo\u017ce\u0144stwo do Matki Bo\u017cej.<\/h3>\n<h3>W przysz\u0142\u0105 niedziel\u0119 <strong>2 lutego &#8211; \u015awi\u0119to<\/strong> <strong>Ofiarowania Pa\u0144skiego \u2013 Matki Bo\u017cej Gromnicznej.<\/strong> Na ka\u017cdej Mszy \u015bwi\u0119tej po\u015bwi\u0119cenie gromnic. W naszej Parafii <strong>Niedziela Adoracyjna<\/strong> \u2013 od godziny 12.00 do 16.00 prywatna adoracja rodzin. O godz. 16.00 nabo\u017ce\u0144stwo r\u00f3\u017ca\u0144cowe i zmiana tajemnic \u2013 adoruje r\u00f3\u017ca MB Gromnicznej prze\u0142o\u017cona Zofia Rzo\u0144ca. W tym dniu modlimy si\u0119 za osoby konsekrowane, taca przeznaczona jest na potrzeby Archidiecezji, a po Mszach \u015bw. zbi\u00f3rka do puszki na zakony klauzurowe.<\/h3>\n<h3>W przysz\u0142\u0105 niedziel\u0119 przed sum\u0105 &#8211; Koncert kol\u0119d w wykonaniu scholi i orkiestry OSP w Besku. Serdecznie zapraszamy.<\/h3>\n","protected":false},"excerpt":{"rendered":"<p>Dzisiaj Niedziela S\u0142owa Bo\u017cego. Zach\u0119camy Parafian do lektury Pisma \u015awi\u0119tego. W poniedzia\u0142ek o godz. 17.00 modlitwa przy relikwiach \u015bw. Jana Paw\u0142a II. We wtorek o godz. 17.00 Nabo\u017ce\u0144stwo do Bo\u017cego Mi\u0142osierdzia. We \u015brod\u0119 o godz. 17.00 Nowenna do Matki Bo\u017cej Nieustaj\u0105cej Pomocy. Pierwsza sobota miesi\u0105ca o godzinie 7.00 Msza \u015bw.<span class=\"more-link\"><a href=\"https:\/\/parafiabesko.pl\/?p=10884\">Czytaj wi\u0119cej<\/a><\/span><\/p>\n","protected":false},"author":1,"featured_media":0,"comment_status":"closed","ping_status":"open","sticky":false,"template":"","format":"standard","meta":{"footnotes":""},"categories":[7],"tags":[],"class_list":["entry","author-adminparafiibesko","post-10884","post","type-post","status-publish","format-standard","category-ogloszenia-parafialne"],"_links":{"self":[{"href":"https:\/\/parafiabesko.pl\/index.php?rest_route=\/wp\/v2\/posts\/10884","targetHints":{"allow":["GET"]}}],"collection":[{"href":"https:\/\/parafiabesko.pl\/index.php?rest_route=\/wp\/v2\/posts"}],"about":[{"href":"https:\/\/parafiabesko.pl\/index.php?rest_route=\/wp\/v2\/types\/post"}],"author":[{"embeddable":true,"href":"https:\/\/parafiabesko.pl\/index.php?rest_route=\/wp\/v2\/users\/1"}],"replies":[{"embeddable":true,"href":"https:\/\/parafiabesko.pl\/index.php?rest_route=%2Fwp%2Fv2%2Fcomments&post=10884"}],"version-history":[{"count":0,"href":"https:\/\/parafiabesko.pl\/index.php?rest_route=\/wp\/v2\/posts\/10884\/revisions"}],"wp:attachment":[{"href":"https:\/\/parafiabesko.pl\/index.php?rest_route=%2Fwp%2Fv2%2Fmedia&parent=10884"}],"wp:term":[{"taxonomy":"category","embeddable":true,"href":"https:\/\/parafiabesko.pl\/index.php?rest_route=%2Fwp%2Fv2%2Fcategories&post=10884"},{"taxonomy":"post_tag","embeddable":true,"href":"https:\/\/parafiabesko.pl\/index.php?rest_route=%2Fwp%2Fv2%2Ftags&post=10884"}],"curies":[{"name":"wp","href":"https:\/\/api.w.org\/{rel}","templated":true}]}}