{"id":10882,"date":"2025-01-26T16:56:12","date_gmt":"2025-01-26T16:56:12","guid":{"rendered":"https:\/\/parafiabesko.pl\/?p=10882"},"modified":"2025-01-26T16:56:12","modified_gmt":"2025-01-26T16:56:12","slug":"intencje-mszalne-27-01-2-02-2025r","status":"publish","type":"post","link":"https:\/\/parafiabesko.pl\/?p=10882","title":{"rendered":"Intencje mszalne 27.01.-2.02.2025r."},"content":{"rendered":"<table>\n<tbody>\n<tr>\n<td rowspan=\"2\" width=\"166\"><strong>Poniedzia\u0142ek<\/strong><\/p>\n<p><strong>27.01.2025r.<\/strong><\/p>\n<p>&nbsp;<\/td>\n<td width=\"71\"><strong>7.00<\/strong><\/td>\n<td width=\"457\">+Stefani\u0119 Prugar of. brat Stanis\u0142aw<\/td>\n<\/tr>\n<tr>\n<td width=\"71\"><strong>17.00<\/strong><\/td>\n<td width=\"457\">1. \u2013O zdrowie w rodzinie<\/p>\n<p>2. +Krystyna Mroczkowska<\/td>\n<\/tr>\n<tr>\n<td rowspan=\"2\" width=\"166\"><strong>Wtorek<\/strong><\/p>\n<p><strong>28.01.2025r.<\/strong><\/p>\n<p><strong>\u00a0<\/strong><\/p>\n<p>&nbsp;<\/td>\n<td width=\"71\"><strong>7.00<\/strong><\/td>\n<td width=\"457\">+Stanis\u0142aw\u0119 Szybka of. brat Antoni z rodzin\u0105<\/td>\n<\/tr>\n<tr>\n<td width=\"71\"><strong>17.00<\/strong><\/td>\n<td width=\"457\">1. +J\u00f3zef Prusak i zm. z rodziny<\/p>\n<p>2. +Maria Kielar, Zofia, Bronis\u0142aw Zawada<\/td>\n<\/tr>\n<tr>\n<td rowspan=\"2\" width=\"166\"><strong>\u015aroda<\/strong><\/p>\n<p><strong>29.01.2025r.<\/strong><\/p>\n<p><strong>\u00a0<\/strong><\/p>\n<p><strong>\u00a0<\/strong><\/td>\n<td width=\"71\"><strong>7.00<\/strong><\/td>\n<td width=\"457\">+Maria Wojtasik of. syn Ryszard z rodzin\u0105<\/td>\n<\/tr>\n<tr>\n<td width=\"71\"><strong>17.00<\/strong><\/td>\n<td width=\"457\">1. +Anna, Stanis\u0142aw Kasperkiewicz<\/p>\n<p>2. +Grzegorz, Stanis\u0142aw\u0119 Kielar<\/td>\n<\/tr>\n<tr>\n<td rowspan=\"2\" width=\"166\"><strong>Czwartek<\/strong><\/p>\n<p><strong>30.01.2025r.<\/strong><\/p>\n<p><strong>\u00a0<\/strong><\/p>\n<p>&nbsp;<\/td>\n<td width=\"71\"><strong>7.00<\/strong><\/td>\n<td width=\"457\">+Stanis\u0142aw\u0119 Szybka of. rodzina Zaj\u0105czkowskich<\/td>\n<\/tr>\n<tr>\n<td width=\"71\"><strong>17.00<\/strong><\/td>\n<td width=\"457\">1. +Ryszard Kowal \/25 r. \u015bm.\/<\/p>\n<p>2. +Boles\u0142aw Zubik<\/td>\n<\/tr>\n<tr>\n<td rowspan=\"2\" width=\"166\"><strong>Pi\u0105tek<\/strong><\/p>\n<p><strong>31.01.2025r.<\/strong><\/p>\n<p>&nbsp;<\/td>\n<td width=\"71\"><strong>7.00<\/strong><\/td>\n<td width=\"457\">+Stefani\u0119 Prugar of. brat Jan z rodzin\u0105<\/td>\n<\/tr>\n<tr>\n<td width=\"71\"><strong>17.00<\/strong><\/td>\n<td width=\"457\">1. +Roman Obrzut<\/p>\n<p>2. +Mieczys\u0142aw Konik<\/td>\n<\/tr>\n<tr>\n<td rowspan=\"2\" width=\"166\"><strong>Sobota<\/strong><\/p>\n<p><strong>1.02.2025.<\/strong><\/p>\n<p>&nbsp;<\/td>\n<td width=\"71\"><strong>7.00<\/strong><\/td>\n<td width=\"457\">&#8211; O b\u0142og. Bo\u017ce i opiek\u0119 Matki Bo\u017cej dla Marysi z okazji urodzin i imienin<\/td>\n<\/tr>\n<tr>\n<td width=\"71\"><strong>17.00<\/strong><\/td>\n<td width=\"457\">1. \u2013O zdrowie i b\u0142og. Bo\u017ce w rodzinie<\/p>\n<p>2. +Za zmar\u0142e siostry i zmar\u0142ych z rodzin z r\u00f3\u017cy MB Gromnicznej prze\u0142o\u017cona Zofia Rzo\u0144ca<\/td>\n<\/tr>\n<tr>\n<td rowspan=\"4\" width=\"166\"><strong>Niedziela<\/strong><\/p>\n<p><strong>2.02.2025r.<\/strong><\/p>\n<p>&nbsp;<\/td>\n<td width=\"71\"><strong>7.30<\/strong><\/td>\n<td width=\"457\">+Boles\u0142aw, Mieczys\u0142aw, Edward, Jerzy Kazimiera z rodz. Czech<\/td>\n<\/tr>\n<tr>\n<td width=\"71\"><strong>9.15<\/strong><\/td>\n<td width=\"457\">+Joanna, Jan Sza\u0142ankiewicz<\/td>\n<\/tr>\n<tr>\n<td width=\"71\"><strong>11.00<\/strong><\/td>\n<td width=\"457\"><strong>Za Parafian<\/strong><\/td>\n<\/tr>\n<tr>\n<td width=\"71\"><strong>16.30<\/strong><\/td>\n<td width=\"457\">+Maria Bogusz i zm. z rodziny<\/td>\n<\/tr>\n<\/tbody>\n<\/table>\n","protected":false},"excerpt":{"rendered":"<p>Poniedzia\u0142ek 27.01.2025r. &nbsp; 7.00 +Stefani\u0119 Prugar of. brat Stanis\u0142aw 17.00 1. \u2013O zdrowie w rodzinie 2. +Krystyna Mroczkowska Wtorek 28.01.2025r. \u00a0 &nbsp; 7.00 +Stanis\u0142aw\u0119 Szybka of. brat Antoni z rodzin\u0105 17.00 1. +J\u00f3zef Prusak i zm. z rodziny 2. +Maria Kielar, Zofia, Bronis\u0142aw Zawada \u015aroda 29.01.2025r. \u00a0 \u00a0 7.00 +Maria<span class=\"more-link\"><a href=\"https:\/\/parafiabesko.pl\/?p=10882\">Czytaj wi\u0119cej<\/a><\/span><\/p>\n","protected":false},"author":1,"featured_media":0,"comment_status":"closed","ping_status":"open","sticky":false,"template":"","format":"standard","meta":{"footnotes":""},"categories":[4],"tags":[],"class_list":["entry","author-adminparafiibesko","post-10882","post","type-post","status-publish","format-standard","category-intencje-mszalne"],"_links":{"self":[{"href":"https:\/\/parafiabesko.pl\/index.php?rest_route=\/wp\/v2\/posts\/10882","targetHints":{"allow":["GET"]}}],"collection":[{"href":"https:\/\/parafiabesko.pl\/index.php?rest_route=\/wp\/v2\/posts"}],"about":[{"href":"https:\/\/parafiabesko.pl\/index.php?rest_route=\/wp\/v2\/types\/post"}],"author":[{"embeddable":true,"href":"https:\/\/parafiabesko.pl\/index.php?rest_route=\/wp\/v2\/users\/1"}],"replies":[{"embeddable":true,"href":"https:\/\/parafiabesko.pl\/index.php?rest_route=%2Fwp%2Fv2%2Fcomments&post=10882"}],"version-history":[{"count":0,"href":"https:\/\/parafiabesko.pl\/index.php?rest_route=\/wp\/v2\/posts\/10882\/revisions"}],"wp:attachment":[{"href":"https:\/\/parafiabesko.pl\/index.php?rest_route=%2Fwp%2Fv2%2Fmedia&parent=10882"}],"wp:term":[{"taxonomy":"category","embeddable":true,"href":"https:\/\/parafiabesko.pl\/index.php?rest_route=%2Fwp%2Fv2%2Fcategories&post=10882"},{"taxonomy":"post_tag","embeddable":true,"href":"https:\/\/parafiabesko.pl\/index.php?rest_route=%2Fwp%2Fv2%2Ftags&post=10882"}],"curies":[{"name":"wp","href":"https:\/\/api.w.org\/{rel}","templated":true}]}}