{"id":10880,"date":"2025-01-19T13:47:48","date_gmt":"2025-01-19T13:47:48","guid":{"rendered":"https:\/\/parafiabesko.pl\/?p=10880"},"modified":"2025-01-19T13:47:48","modified_gmt":"2025-01-19T13:47:48","slug":"ogloszenia-parafialne-2-niedziela-zwykla-19-01-2025r","status":"publish","type":"post","link":"https:\/\/parafiabesko.pl\/?p=10880","title":{"rendered":"Og\u0142oszenia parafialne 2 Niedziela zwyk\u0142a 19.01.2025r."},"content":{"rendered":"<h3>Dzi\u015b dzie\u0144 liturgicznego wspomnienia \u015bw. J\u00f3zefa Sebastiana Pelczara, m\u00f3dlmy si\u0119 w intencji naszej Archidiecezji.<\/h3>\n<h3>W poniedzia\u0142ek o godz. 17.00 modlitwa przy relikwiach \u015bw. Jana Paw\u0142a II.<\/h3>\n<h3>We wtorek o godz. 17.00 Nabo\u017ce\u0144stwo do Bo\u017cego Mi\u0142osierdzia.<\/h3>\n<h3>We \u015brod\u0119 o godz. 17.00 Nowenna do Matki Bo\u017cej Nieustaj\u0105cej Pomocy.<\/h3>\n<h3>Zako\u0144czy\u0142a si\u0119 wizyta duszpasterska w naszej Parafii, serdecznie dzi\u0119kujemy Parafianom za \u017cyczliwo\u015b\u0107, religijn\u0105 atmosfer\u0119 i z\u0142o\u017cone ofiary. B\u00f3g zap\u0142a\u0107!.<\/h3>\n<h3>Na najbli\u017csz\u0105 sobot\u0119 serdecznie zapraszamy m\u0119\u017cczyzn na godz. 8.00 do sk\u0142adania desek na prace przy zabytkowym ko\u015bciele w Besku.<\/h3>\n<h3>Za tydzie\u0144 <strong>Niedziela S\u0142owa Bo\u017cego<\/strong>. Zach\u0119camy Parafian do lektury Pisma \u015awi\u0119tego.<\/h3>\n","protected":false},"excerpt":{"rendered":"<p>Dzi\u015b dzie\u0144 liturgicznego wspomnienia \u015bw. J\u00f3zefa Sebastiana Pelczara, m\u00f3dlmy si\u0119 w intencji naszej Archidiecezji. W poniedzia\u0142ek o godz. 17.00 modlitwa przy relikwiach \u015bw. Jana Paw\u0142a II. We wtorek o godz. 17.00 Nabo\u017ce\u0144stwo do Bo\u017cego Mi\u0142osierdzia. We \u015brod\u0119 o godz. 17.00 Nowenna do Matki Bo\u017cej Nieustaj\u0105cej Pomocy. Zako\u0144czy\u0142a si\u0119 wizyta duszpasterska<span class=\"more-link\"><a href=\"https:\/\/parafiabesko.pl\/?p=10880\">Czytaj wi\u0119cej<\/a><\/span><\/p>\n","protected":false},"author":1,"featured_media":0,"comment_status":"closed","ping_status":"open","sticky":false,"template":"","format":"standard","meta":{"footnotes":""},"categories":[7],"tags":[],"class_list":["entry","author-adminparafiibesko","post-10880","post","type-post","status-publish","format-standard","category-ogloszenia-parafialne"],"_links":{"self":[{"href":"https:\/\/parafiabesko.pl\/index.php?rest_route=\/wp\/v2\/posts\/10880","targetHints":{"allow":["GET"]}}],"collection":[{"href":"https:\/\/parafiabesko.pl\/index.php?rest_route=\/wp\/v2\/posts"}],"about":[{"href":"https:\/\/parafiabesko.pl\/index.php?rest_route=\/wp\/v2\/types\/post"}],"author":[{"embeddable":true,"href":"https:\/\/parafiabesko.pl\/index.php?rest_route=\/wp\/v2\/users\/1"}],"replies":[{"embeddable":true,"href":"https:\/\/parafiabesko.pl\/index.php?rest_route=%2Fwp%2Fv2%2Fcomments&post=10880"}],"version-history":[{"count":0,"href":"https:\/\/parafiabesko.pl\/index.php?rest_route=\/wp\/v2\/posts\/10880\/revisions"}],"wp:attachment":[{"href":"https:\/\/parafiabesko.pl\/index.php?rest_route=%2Fwp%2Fv2%2Fmedia&parent=10880"}],"wp:term":[{"taxonomy":"category","embeddable":true,"href":"https:\/\/parafiabesko.pl\/index.php?rest_route=%2Fwp%2Fv2%2Fcategories&post=10880"},{"taxonomy":"post_tag","embeddable":true,"href":"https:\/\/parafiabesko.pl\/index.php?rest_route=%2Fwp%2Fv2%2Ftags&post=10880"}],"curies":[{"name":"wp","href":"https:\/\/api.w.org\/{rel}","templated":true}]}}