{"id":10878,"date":"2025-01-19T13:44:33","date_gmt":"2025-01-19T13:44:33","guid":{"rendered":"https:\/\/parafiabesko.pl\/?p=10878"},"modified":"2025-01-19T13:44:33","modified_gmt":"2025-01-19T13:44:33","slug":"intencje-mszalne-20-26-01-2025r","status":"publish","type":"post","link":"https:\/\/parafiabesko.pl\/?p=10878","title":{"rendered":"Intencje mszalne 20-26.01.2025r."},"content":{"rendered":"<table>\n<tbody>\n<tr>\n<td rowspan=\"2\" width=\"166\"><strong>Poniedzia\u0142ek<\/strong><\/p>\n<p><strong>20.01.2025r.<\/strong><\/p>\n<p>&nbsp;<\/td>\n<td width=\"71\"><strong>7.00<\/strong><\/td>\n<td width=\"457\">1. +Wojciech Florian<\/p>\n<p>2. +Edward, Maria, Wawrzyniec<\/td>\n<\/tr>\n<tr>\n<td width=\"71\"><strong>17.00<\/strong><\/td>\n<td width=\"457\">-O \u0142ask\u0119 zdrowia dla \u0141ukasza<\/td>\n<\/tr>\n<tr>\n<td rowspan=\"2\" width=\"166\"><strong>Wtorek<\/strong><\/p>\n<p><strong>21.01.2025r.<\/strong><\/p>\n<p><strong>\u00a0<\/strong><\/p>\n<p>&nbsp;<\/td>\n<td width=\"71\"><strong>7.00<\/strong><\/td>\n<td width=\"457\">1. +Stefania Prugar of. siostra z rodzin\u0105<\/p>\n<p>2. +Genowefa P\u0142atek \/3 r. \u015bm.\/ i zm. z rodziny<\/td>\n<\/tr>\n<tr>\n<td width=\"71\"><strong>17.00<\/strong><\/td>\n<td width=\"457\">+Agnieszk\u0119 Rajter<\/td>\n<\/tr>\n<tr>\n<td rowspan=\"2\" width=\"166\"><strong>\u015aroda<\/strong><\/p>\n<p><strong>22.01.2025r.<\/strong><\/p>\n<p><strong>\u00a0<\/strong><\/p>\n<p><strong>\u00a0<\/strong><\/td>\n<td width=\"71\"><strong>7.00<\/strong><\/td>\n<td width=\"457\">+Stefania Prugar of. wnukowie Edyta, Dawid, Monika z rodzinami<\/td>\n<\/tr>\n<tr>\n<td width=\"71\"><strong>17.00<\/strong><\/td>\n<td width=\"457\">+Stanis\u0142aw Ziemia\u0144ski \/55 r. \u015bm.\/<\/td>\n<\/tr>\n<tr>\n<td rowspan=\"2\" width=\"166\"><strong>Czwartek<\/strong><\/p>\n<p><strong>23.01.2025r.<\/strong><\/p>\n<p><strong>\u00a0<\/strong><\/p>\n<p>&nbsp;<\/td>\n<td width=\"71\"><strong>7.00<\/strong><\/td>\n<td width=\"457\">+Jaros\u0142aw<\/td>\n<\/tr>\n<tr>\n<td width=\"71\"><strong>17.00<\/strong><\/td>\n<td width=\"457\">+Maria Wojtasik of. syn Janusz z rodzin\u0105<\/td>\n<\/tr>\n<tr>\n<td rowspan=\"2\" width=\"166\"><strong>Pi\u0105tek<\/strong><\/p>\n<p><strong>24.01.2025r.<\/strong><\/p>\n<p><strong>\u00a0<\/strong><\/p>\n<p>&nbsp;<\/td>\n<td width=\"71\"><strong>7.00<\/strong><\/td>\n<td width=\"457\">+Za dusze w czyjscu cierpi\u0105ce<\/td>\n<\/tr>\n<tr>\n<td width=\"71\"><strong>17.00<\/strong><\/td>\n<td width=\"457\">1. +Stanis\u0142aw Rodzinka \/13 r. \u015bm.\/<\/p>\n<p>2. -W 50 urodziny Jadwigi\u00a0 o potrzebne \u0142aski i opiek\u0119 M Bo\u017cej na dalsze lata<\/td>\n<\/tr>\n<tr>\n<td rowspan=\"2\" width=\"166\"><strong>Sobota<\/strong><\/p>\n<p><strong>25.01.2025r.<\/strong><\/p>\n<p><strong>\u00a0<\/strong><\/p>\n<p>&nbsp;<\/td>\n<td width=\"71\"><strong>7.00<\/strong><\/td>\n<td width=\"457\">1. +Bronis\u0142aw\u0119 Schmidt \/2 r. \u015bm.\/<\/p>\n<p>2. +Monika J\u0119czkowska\u00a0 \/6 r. \u015bm.\/, Stanis\u0142aw Pola\u0144ski \/17 r. \u015bm.\/<\/td>\n<\/tr>\n<tr>\n<td width=\"71\"><strong>17.00<\/strong><\/td>\n<td width=\"457\">+Stefania, Stanis\u0142aw \/30 r. \u015bm.\/<\/td>\n<\/tr>\n<tr>\n<td rowspan=\"4\" width=\"166\"><strong>Niedziela<\/strong><\/p>\n<p><strong>26.01.2025r.<\/strong><\/p>\n<p><strong>\u00a0<\/strong><\/p>\n<p>&nbsp;<\/td>\n<td width=\"71\"><strong>7.30<\/strong><\/td>\n<td width=\"457\">+Anna \/22 r. \u015bm.\/, Jan \/21 r. \u015bm.\/ Rajchel<\/td>\n<\/tr>\n<tr>\n<td width=\"71\"><strong>9.15<\/strong><\/td>\n<td width=\"457\">1. +Stanis\u0142aw Folcik \/13 r. \u015bm.\/<\/p>\n<p>2. \u2013O zdrowie i potrzebne \u0142aski dla bab\u0107 i dziadk\u00f3w of. dzieci z Przedszkola si\u00f3str Felicjanek pod wezwaniem \u015bw. J\u00f3zefa<\/td>\n<\/tr>\n<tr>\n<td width=\"71\"><strong>11.00<\/strong><\/td>\n<td width=\"457\"><strong>Za Parafian<\/strong><\/td>\n<\/tr>\n<tr>\n<td width=\"71\"><strong>16.30<\/strong><\/td>\n<td width=\"457\">+Pawe\u0142, Maria, Stanis\u0142aw Stapi\u0144scy<\/td>\n<\/tr>\n<\/tbody>\n<\/table>\n","protected":false},"excerpt":{"rendered":"<p>Poniedzia\u0142ek 20.01.2025r. &nbsp; 7.00 1. +Wojciech Florian 2. +Edward, Maria, Wawrzyniec 17.00 -O \u0142ask\u0119 zdrowia dla \u0141ukasza Wtorek 21.01.2025r. \u00a0 &nbsp; 7.00 1. +Stefania Prugar of. siostra z rodzin\u0105 2. +Genowefa P\u0142atek \/3 r. \u015bm.\/ i zm. z rodziny 17.00 +Agnieszk\u0119 Rajter \u015aroda 22.01.2025r. \u00a0 \u00a0 7.00 +Stefania Prugar of.<span class=\"more-link\"><a href=\"https:\/\/parafiabesko.pl\/?p=10878\">Czytaj wi\u0119cej<\/a><\/span><\/p>\n","protected":false},"author":1,"featured_media":0,"comment_status":"closed","ping_status":"open","sticky":false,"template":"","format":"standard","meta":{"footnotes":""},"categories":[4],"tags":[],"class_list":["entry","author-adminparafiibesko","post-10878","post","type-post","status-publish","format-standard","category-intencje-mszalne"],"_links":{"self":[{"href":"https:\/\/parafiabesko.pl\/index.php?rest_route=\/wp\/v2\/posts\/10878","targetHints":{"allow":["GET"]}}],"collection":[{"href":"https:\/\/parafiabesko.pl\/index.php?rest_route=\/wp\/v2\/posts"}],"about":[{"href":"https:\/\/parafiabesko.pl\/index.php?rest_route=\/wp\/v2\/types\/post"}],"author":[{"embeddable":true,"href":"https:\/\/parafiabesko.pl\/index.php?rest_route=\/wp\/v2\/users\/1"}],"replies":[{"embeddable":true,"href":"https:\/\/parafiabesko.pl\/index.php?rest_route=%2Fwp%2Fv2%2Fcomments&post=10878"}],"version-history":[{"count":0,"href":"https:\/\/parafiabesko.pl\/index.php?rest_route=\/wp\/v2\/posts\/10878\/revisions"}],"wp:attachment":[{"href":"https:\/\/parafiabesko.pl\/index.php?rest_route=%2Fwp%2Fv2%2Fmedia&parent=10878"}],"wp:term":[{"taxonomy":"category","embeddable":true,"href":"https:\/\/parafiabesko.pl\/index.php?rest_route=%2Fwp%2Fv2%2Fcategories&post=10878"},{"taxonomy":"post_tag","embeddable":true,"href":"https:\/\/parafiabesko.pl\/index.php?rest_route=%2Fwp%2Fv2%2Ftags&post=10878"}],"curies":[{"name":"wp","href":"https:\/\/api.w.org\/{rel}","templated":true}]}}