{"id":10873,"date":"2025-01-11T14:02:18","date_gmt":"2025-01-11T14:02:18","guid":{"rendered":"https:\/\/parafiabesko.pl\/?p=10873"},"modified":"2025-01-11T14:02:18","modified_gmt":"2025-01-11T14:02:18","slug":"ogloszenia-parafialne-niedziela-chrztu-panskiego-12-01-2025r","status":"publish","type":"post","link":"https:\/\/parafiabesko.pl\/?p=10873","title":{"rendered":"Og\u0142oszenia parafialne Niedziela Chrztu Pa\u0144skiego 12.01.2025r."},"content":{"rendered":"<h3>Dzisiaj <strong>Niedziela Chrztu Chrystusa<\/strong>. Wraz z dzisiejsz\u0105 niedziel\u0105 ko\u0144czymy w liturgii Okres Bo\u017cego Narodzenia, chocia\u017c tradycyjnie kol\u0119dy \u015bpiewamy \u00a0\u00a0\u00a0\u00a0\u00a0do 2 lutego.<\/h3>\n<h3>W poniedzia\u0142ek o godz. 17.00 modlitwa przy relikwiach \u015bw. Jana Paw\u0142a II.<\/h3>\n<h3>We wtorek o godz. 17.00 Nabo\u017ce\u0144stwo do Bo\u017cego Mi\u0142osierdzia.<\/h3>\n<h3>W \u015brod\u0119 o godz. 17.00 Nowenna do Matki Bo\u017cej Nieustaj\u0105cej Pomocy.<\/h3>\n<h3>W tym tygodniu dalszy ci\u0105g wizyty duszpasterskiej w Besku i tak:<\/h3>\n<h3><strong>&#8211; ks. Pawe\u0142<\/strong> b\u0119dzie odwiedza\u0142 rodziny w wyznaczonych dzielnicach: w poniedzia\u0142ek, wtorek, \u015brod\u0119, czwartek, pi\u0105tek od godz. 15.00, a w sobot\u0119 od godz. 9.00.<\/h3>\n<h3>&#8211; <strong>ks. Tomasz<\/strong> b\u0119dzie odwiedza\u0142 rodziny w wyznaczonych dzielnicach: w poniedzia\u0142ek, wtorek, \u015brod\u0119, czwartek, od godz. 15.00, a w pi\u0105tek i sobot\u0119 od godz. 9.00.<\/h3>\n<h3>Parafia w Besku sk\u0142ada serdeczne podzi\u0119kowanie stra\u017cakom Pa\u0144stwowej Stra\u017cy Po\u017carnej w Sanoku za prace uszczelniaj\u0105ce przy dachu ko\u015bcio\u0142a parafialnego w Besku w dniu 6.01.2025r., kt\u00f3ry po wichurze zosta\u0142 uszkodzony &#8211; wyrwa\u0142o pokryw\u0119 w\u0142azu na dachu. Dzi\u0119ki fachowej pracy stra\u017cakom PSP w Sanoku i u\u017cyciu zwy\u017cki bez kt\u00f3rej nie da\u0142o by si\u0119 zabezpieczy\u0107 dachu i pomocy stra\u017cak\u00f3w Ochotniczej Stra\u017cy Po\u017carnej z Beska usterka na dachu zosta\u0142a fachowo zabezpieczona. Parafianie i Ksi\u0105dz Proboszcz s\u0105 wdzi\u0119czni za pomoc w tej sprawie. Gdyby nie pomoc stra\u017cak\u00f3w PSP w Sanoku i stra\u017cak\u00f3w z OSP w Besku dosz\u0142o by do powa\u017cnych zniszcze\u0144, zalanie \u015bciany ko\u015bcio\u0142a wod\u0105 deszczow\u0105, a z tym powa\u017cne koszty dla Parafian. Ponadto dzi\u0119kujemy Andrzejowi Romanowi i J\u00f3zefowi Winiarskiemu za pomoc przy tej akcji.<\/h3>\n<h3>W zakrystii s\u0105 do nabycia obrazki na Peregrynacj\u0119 obrazu Naj\u015bwi\u0119tszego Serca Pana Jezusa w naszej Parafii.<\/h3>\n","protected":false},"excerpt":{"rendered":"<p>Dzisiaj Niedziela Chrztu Chrystusa. Wraz z dzisiejsz\u0105 niedziel\u0105 ko\u0144czymy w liturgii Okres Bo\u017cego Narodzenia, chocia\u017c tradycyjnie kol\u0119dy \u015bpiewamy \u00a0\u00a0\u00a0\u00a0\u00a0do 2 lutego. W poniedzia\u0142ek o godz. 17.00 modlitwa przy relikwiach \u015bw. Jana Paw\u0142a II. We wtorek o godz. 17.00 Nabo\u017ce\u0144stwo do Bo\u017cego Mi\u0142osierdzia. W \u015brod\u0119 o godz. 17.00 Nowenna do Matki<span class=\"more-link\"><a href=\"https:\/\/parafiabesko.pl\/?p=10873\">Czytaj wi\u0119cej<\/a><\/span><\/p>\n","protected":false},"author":1,"featured_media":0,"comment_status":"closed","ping_status":"open","sticky":false,"template":"","format":"standard","meta":{"footnotes":""},"categories":[7],"tags":[],"class_list":["entry","author-adminparafiibesko","post-10873","post","type-post","status-publish","format-standard","category-ogloszenia-parafialne"],"_links":{"self":[{"href":"https:\/\/parafiabesko.pl\/index.php?rest_route=\/wp\/v2\/posts\/10873","targetHints":{"allow":["GET"]}}],"collection":[{"href":"https:\/\/parafiabesko.pl\/index.php?rest_route=\/wp\/v2\/posts"}],"about":[{"href":"https:\/\/parafiabesko.pl\/index.php?rest_route=\/wp\/v2\/types\/post"}],"author":[{"embeddable":true,"href":"https:\/\/parafiabesko.pl\/index.php?rest_route=\/wp\/v2\/users\/1"}],"replies":[{"embeddable":true,"href":"https:\/\/parafiabesko.pl\/index.php?rest_route=%2Fwp%2Fv2%2Fcomments&post=10873"}],"version-history":[{"count":0,"href":"https:\/\/parafiabesko.pl\/index.php?rest_route=\/wp\/v2\/posts\/10873\/revisions"}],"wp:attachment":[{"href":"https:\/\/parafiabesko.pl\/index.php?rest_route=%2Fwp%2Fv2%2Fmedia&parent=10873"}],"wp:term":[{"taxonomy":"category","embeddable":true,"href":"https:\/\/parafiabesko.pl\/index.php?rest_route=%2Fwp%2Fv2%2Fcategories&post=10873"},{"taxonomy":"post_tag","embeddable":true,"href":"https:\/\/parafiabesko.pl\/index.php?rest_route=%2Fwp%2Fv2%2Ftags&post=10873"}],"curies":[{"name":"wp","href":"https:\/\/api.w.org\/{rel}","templated":true}]}}