{"id":10871,"date":"2025-01-11T13:59:12","date_gmt":"2025-01-11T13:59:12","guid":{"rendered":"https:\/\/parafiabesko.pl\/?p=10871"},"modified":"2025-01-11T13:59:12","modified_gmt":"2025-01-11T13:59:12","slug":"intencje-mszalne-13-19-01-2025r","status":"publish","type":"post","link":"https:\/\/parafiabesko.pl\/?p=10871","title":{"rendered":"Intencje mszalne 13-19.01.2025r."},"content":{"rendered":"<table>\n<tbody>\n<tr>\n<td rowspan=\"2\" width=\"166\"><strong>Poniedzia\u0142ek<\/strong><\/p>\n<p><strong>13.01.2025r.<\/strong><\/p>\n<p>&nbsp;<\/td>\n<td width=\"71\"><strong>7.00<\/strong><\/td>\n<td width=\"457\">1. +Maria Kami\u0144ska of. rodz. Zubik<\/p>\n<p>2. +Jan Mermer\u00a0 of. rodz. Grzybowskich \/poza Parafi\u0105\/<\/td>\n<\/tr>\n<tr>\n<td width=\"71\"><strong>17.00<\/strong><\/td>\n<td width=\"457\">+Jacek \u015aliwka\u00a0 \/8 r. \u015bm.\/<\/td>\n<\/tr>\n<tr>\n<td rowspan=\"2\" width=\"166\"><strong>Wtorek<\/strong><\/p>\n<p><strong>14.01.2025r.<\/strong><\/p>\n<p><strong>\u00a0<\/strong><\/p>\n<p>&nbsp;<\/td>\n<td width=\"71\"><strong>7.00<\/strong><\/td>\n<td width=\"457\">1. +Maria Kami\u0144ska of. s\u0105siedzi z ul. Hrabe\u0144skiej<\/p>\n<p>2. +Maria, J\u00f3zef Kielar<\/td>\n<\/tr>\n<tr>\n<td width=\"71\"><strong>17.00<\/strong><\/td>\n<td width=\"457\">-O zdrowie dla \u017cyj\u0105cych i \u017cycie wieczne dla zmar\u0142ych si\u00f3str z r\u00f3\u017cy Marii Szyndler<\/td>\n<\/tr>\n<tr>\n<td rowspan=\"2\" width=\"166\"><strong>\u015aroda<\/strong><\/p>\n<p><strong>15.01.2025r.<\/strong><\/p>\n<p><strong>\u00a0<\/strong><\/p>\n<p><strong>\u00a0<\/strong><\/td>\n<td width=\"71\"><strong>7.00<\/strong><\/td>\n<td width=\"457\">1. +Maria, J\u00f3zef Kielar<\/p>\n<p>2. \u2013O zdrowie i b\u0142og. Bo\u017ce dla Gabrysi<\/td>\n<\/tr>\n<tr>\n<td width=\"71\"><strong>17.00<\/strong><\/td>\n<td width=\"457\">+Maria Mermer \/2 r. \u015bm.\/<\/td>\n<\/tr>\n<tr>\n<td rowspan=\"2\" width=\"166\"><strong>Czwartek<\/strong><\/p>\n<p><strong>16.01.2025r.<\/strong><\/p>\n<p><strong>\u00a0<\/strong><\/p>\n<p>&nbsp;<\/td>\n<td width=\"71\"><strong>7.00<\/strong><\/td>\n<td width=\"457\">1. +Stefani\u0119 Prugar of. Zdzis\u0142aw z rodzin\u0105<\/p>\n<p>2.+ Maria Wojtasik of. syn Krzysztof z rodzin\u0105<\/td>\n<\/tr>\n<tr>\n<td width=\"71\"><strong>17.00<\/strong><\/td>\n<td width=\"457\">+Leon Leszczy\u0144ski<\/td>\n<\/tr>\n<tr>\n<td rowspan=\"2\" width=\"166\"><strong>Pi\u0105tek<\/strong><\/p>\n<p><strong>17.01.2025r.<\/strong><\/p>\n<p><strong>\u00a0<\/strong><\/p>\n<p>&nbsp;<\/td>\n<td width=\"71\"><strong>7.00<\/strong><\/td>\n<td width=\"457\">1. +Grzegorz, Stanis\u0142aw Zelia\u015b<\/p>\n<p>2. +Adela Ma\u0142ek of. Gra\u017cyna, Robert Pelczarscy<\/td>\n<\/tr>\n<tr>\n<td width=\"71\"><strong>17.00<\/strong><\/td>\n<td width=\"457\">+Emilia, Stanis\u0142aw De\u0144ko\/10 r. \u015bm.\/<\/td>\n<\/tr>\n<tr>\n<td rowspan=\"2\" width=\"166\"><strong>Sobota<\/strong><\/p>\n<p><strong>18.01.2025r.<\/strong><\/p>\n<p><strong>\u00a0<\/strong><\/p>\n<p>&nbsp;<\/td>\n<td width=\"71\"><strong>7.00<\/strong><\/td>\n<td width=\"457\">1. +El\u017cbieta Kielar of. syn z \u017con\u0105<\/p>\n<p>2. +Siostra Serafia \/2 r. \u015bm.\/<\/td>\n<\/tr>\n<tr>\n<td width=\"71\"><strong>17.00<\/strong><\/td>\n<td width=\"457\">+Marian Pietrzkiewicz i zm. z rodziny<\/td>\n<\/tr>\n<tr>\n<td rowspan=\"4\" width=\"166\"><strong>Niedziela<\/strong><\/p>\n<p><strong>19.01.2025r.<\/strong><\/p>\n<p><strong>\u00a0<\/strong><\/p>\n<p>&nbsp;<\/td>\n<td width=\"71\"><strong>7.30<\/strong><\/td>\n<td width=\"457\">+Stanis\u0142aw\u0119 Kozak<\/td>\n<\/tr>\n<tr>\n<td width=\"71\"><strong>9.15<\/strong><\/td>\n<td width=\"457\">+J\u00f3zef, Stanis\u0142aw, Jan Kijowscy<\/td>\n<\/tr>\n<tr>\n<td width=\"71\"><strong>11.00<\/strong><\/td>\n<td width=\"457\"><strong>Za Parafian<\/strong><\/td>\n<\/tr>\n<tr>\n<td width=\"71\"><strong>16.30<\/strong><\/td>\n<td width=\"457\">+Artur \/7 r. \u015bm.\/, Jan Szyndlar<\/td>\n<\/tr>\n<\/tbody>\n<\/table>\n","protected":false},"excerpt":{"rendered":"<p>Poniedzia\u0142ek 13.01.2025r. &nbsp; 7.00 1. +Maria Kami\u0144ska of. rodz. Zubik 2. +Jan Mermer\u00a0 of. rodz. Grzybowskich \/poza Parafi\u0105\/ 17.00 +Jacek \u015aliwka\u00a0 \/8 r. \u015bm.\/ Wtorek 14.01.2025r. \u00a0 &nbsp; 7.00 1. +Maria Kami\u0144ska of. s\u0105siedzi z ul. Hrabe\u0144skiej 2. +Maria, J\u00f3zef Kielar 17.00 -O zdrowie dla \u017cyj\u0105cych i \u017cycie wieczne dla<span class=\"more-link\"><a href=\"https:\/\/parafiabesko.pl\/?p=10871\">Czytaj wi\u0119cej<\/a><\/span><\/p>\n","protected":false},"author":1,"featured_media":0,"comment_status":"closed","ping_status":"open","sticky":false,"template":"","format":"standard","meta":{"footnotes":""},"categories":[4],"tags":[],"class_list":["entry","author-adminparafiibesko","post-10871","post","type-post","status-publish","format-standard","category-intencje-mszalne"],"_links":{"self":[{"href":"https:\/\/parafiabesko.pl\/index.php?rest_route=\/wp\/v2\/posts\/10871","targetHints":{"allow":["GET"]}}],"collection":[{"href":"https:\/\/parafiabesko.pl\/index.php?rest_route=\/wp\/v2\/posts"}],"about":[{"href":"https:\/\/parafiabesko.pl\/index.php?rest_route=\/wp\/v2\/types\/post"}],"author":[{"embeddable":true,"href":"https:\/\/parafiabesko.pl\/index.php?rest_route=\/wp\/v2\/users\/1"}],"replies":[{"embeddable":true,"href":"https:\/\/parafiabesko.pl\/index.php?rest_route=%2Fwp%2Fv2%2Fcomments&post=10871"}],"version-history":[{"count":0,"href":"https:\/\/parafiabesko.pl\/index.php?rest_route=\/wp\/v2\/posts\/10871\/revisions"}],"wp:attachment":[{"href":"https:\/\/parafiabesko.pl\/index.php?rest_route=%2Fwp%2Fv2%2Fmedia&parent=10871"}],"wp:term":[{"taxonomy":"category","embeddable":true,"href":"https:\/\/parafiabesko.pl\/index.php?rest_route=%2Fwp%2Fv2%2Fcategories&post=10871"},{"taxonomy":"post_tag","embeddable":true,"href":"https:\/\/parafiabesko.pl\/index.php?rest_route=%2Fwp%2Fv2%2Ftags&post=10871"}],"curies":[{"name":"wp","href":"https:\/\/api.w.org\/{rel}","templated":true}]}}