{"id":10867,"date":"2025-01-05T15:16:47","date_gmt":"2025-01-05T15:16:47","guid":{"rendered":"https:\/\/parafiabesko.pl\/?p=10867"},"modified":"2025-01-05T15:16:47","modified_gmt":"2025-01-05T15:16:47","slug":"ogloszenia-parafialne-2-niedziela-po-bozym-narodzeniu-5-01-2025r","status":"publish","type":"post","link":"https:\/\/parafiabesko.pl\/?p=10867","title":{"rendered":"Og\u0142oszenia parafialne 2 Niedziela po Bo\u017cym Narodzeniu 5.01.2025r."},"content":{"rendered":"<h3>Dzisiaj <strong>Niedziela Adoracyjna<\/strong> \u2013 od godziny 12.00 do 16.00 prywatna adoracja rodzin naszej Parafii. O godzinie 16.00 Nabo\u017ce\u0144stwo r\u00f3\u017ca\u0144cowe i zmiana tajemnic, adoruje r\u00f3\u017ca Zwiastowania NMP prze\u0142o\u017cona Maria Bacior.<\/h3>\n<h3>Taca z dzisiejszej niedzieli przeznaczona na potrzeby Archidiecezji.<\/h3>\n<h3><strong>Jutro 6 stycznia Uroczysto\u015b\u0107 Objawienia Pa\u0144skiego \u2013 Trzech Kr\u00f3li<u>.<\/u><\/strong> B\u0142ogos\u0142awie\u0144stwo kredy i kadzid\u0142a na wszystkich Mszach \u015bwi\u0119tych w Besku. Porz\u0105dek Mszy \u015bwi\u0119tych w Besku: rano 7.30, suma o godzinie 10.00 i<strong> po po\u0142udniu w zwi\u0105zku z orszakiem Trzech Kr\u00f3li o godz. 15.00 bez Nieszpor\u00f3w<\/strong>. W ko\u015bcio\u0142ach filialnych Msze \u015bw. z po\u015bwi\u0119ceniem kredy i kadzid\u0142a: w Mymoniu o godz. 8.30 i w Por\u0119bach o godz. 10.00.<\/h3>\n<h3>Ofiary z\u0142o\u017cone na tac\u0119 w dniu Trzech Kr\u00f3li przeznaczone s\u0105 na Misje \u015bwi\u0119te.<\/h3>\n<h3>We wtorek o godzinie 17.00 Nabo\u017ce\u0144stwo do Bo\u017cego Mi\u0142osierdzia.<\/h3>\n<h3>W \u015brod\u0119 o godzinie 17.00 Nowenna do Matki Bo\u017cej Nieustaj\u0105cej Pomocy.<\/h3>\n<h3>W tym tygodniu dalszy ci\u0105g wizyty duszpasterskiej w Besku:<\/h3>\n<h3><u>Ksi\u0105dz Tomasz<\/u> b\u0119dzie odwiedza\u0142 \u00a0rodziny we: wtorek, \u015brod\u0119, czwartek od godz. 15.00,\u00a0 a w pi\u0105tek i sobot\u0119 od godz. 9.00 w wyznaczonej cz\u0119\u015bci Parafii.<\/h3>\n<h3><u>Ksi\u0105dz Pawe\u0142<\/u>\u00a0 b\u0119dzie odwiedza\u0142 \u00a0rodziny we: wtorek, \u015brod\u0119, czwartek, pi\u0105tek \u00a0od godz. 15.00, a w sobot\u0119 od godz. 9.00 w wyznaczonej cz\u0119\u015bci Parafii.<\/h3>\n<h3>Za tydzie\u0144 w <strong>Niedziela Chrztu Pa\u0144skiego,<\/strong> ko\u0144czy si\u0119 okres Bo\u017cego Narodzenia.<\/h3>\n<h3>Pod ch\u00f3rem wy\u0142o\u017cona jest w woreczkach kreda i kadzid\u0142o na po\u015bwi\u0119cenie na Trzech Kr\u00f3li, ofiary sk\u0142adane do puszki przy nabywaniu przeznaczone s\u0105 na dalsze prace w salkach katechetycznych. Ofiary dobrowolne.<\/h3>\n<h3>W zakrystii s\u0105 do nabycia obrazki na Peregrynacj\u0119 obrazu Naj\u015bwi\u0119tszego Serca Pana Jezusa w naszej Parafii.<\/h3>\n","protected":false},"excerpt":{"rendered":"<p>Dzisiaj Niedziela Adoracyjna \u2013 od godziny 12.00 do 16.00 prywatna adoracja rodzin naszej Parafii. O godzinie 16.00 Nabo\u017ce\u0144stwo r\u00f3\u017ca\u0144cowe i zmiana tajemnic, adoruje r\u00f3\u017ca Zwiastowania NMP prze\u0142o\u017cona Maria Bacior. Taca z dzisiejszej niedzieli przeznaczona na potrzeby Archidiecezji. Jutro 6 stycznia Uroczysto\u015b\u0107 Objawienia Pa\u0144skiego \u2013 Trzech Kr\u00f3li. B\u0142ogos\u0142awie\u0144stwo kredy i kadzid\u0142a<span class=\"more-link\"><a href=\"https:\/\/parafiabesko.pl\/?p=10867\">Czytaj wi\u0119cej<\/a><\/span><\/p>\n","protected":false},"author":1,"featured_media":0,"comment_status":"closed","ping_status":"open","sticky":false,"template":"","format":"standard","meta":{"footnotes":""},"categories":[7],"tags":[],"class_list":["entry","author-adminparafiibesko","post-10867","post","type-post","status-publish","format-standard","category-ogloszenia-parafialne"],"_links":{"self":[{"href":"https:\/\/parafiabesko.pl\/index.php?rest_route=\/wp\/v2\/posts\/10867","targetHints":{"allow":["GET"]}}],"collection":[{"href":"https:\/\/parafiabesko.pl\/index.php?rest_route=\/wp\/v2\/posts"}],"about":[{"href":"https:\/\/parafiabesko.pl\/index.php?rest_route=\/wp\/v2\/types\/post"}],"author":[{"embeddable":true,"href":"https:\/\/parafiabesko.pl\/index.php?rest_route=\/wp\/v2\/users\/1"}],"replies":[{"embeddable":true,"href":"https:\/\/parafiabesko.pl\/index.php?rest_route=%2Fwp%2Fv2%2Fcomments&post=10867"}],"version-history":[{"count":0,"href":"https:\/\/parafiabesko.pl\/index.php?rest_route=\/wp\/v2\/posts\/10867\/revisions"}],"wp:attachment":[{"href":"https:\/\/parafiabesko.pl\/index.php?rest_route=%2Fwp%2Fv2%2Fmedia&parent=10867"}],"wp:term":[{"taxonomy":"category","embeddable":true,"href":"https:\/\/parafiabesko.pl\/index.php?rest_route=%2Fwp%2Fv2%2Fcategories&post=10867"},{"taxonomy":"post_tag","embeddable":true,"href":"https:\/\/parafiabesko.pl\/index.php?rest_route=%2Fwp%2Fv2%2Ftags&post=10867"}],"curies":[{"name":"wp","href":"https:\/\/api.w.org\/{rel}","templated":true}]}}