{"id":10865,"date":"2025-01-05T15:13:10","date_gmt":"2025-01-05T15:13:10","guid":{"rendered":"https:\/\/parafiabesko.pl\/?p=10865"},"modified":"2025-01-05T15:13:10","modified_gmt":"2025-01-05T15:13:10","slug":"intencje-mszalne-6-12-01-2025r","status":"publish","type":"post","link":"https:\/\/parafiabesko.pl\/?p=10865","title":{"rendered":"Intencje mszalne 6-12.01.2025r."},"content":{"rendered":"<table>\n<tbody>\n<tr>\n<td rowspan=\"3\" width=\"166\"><strong>Poniedzia\u0142ek<\/strong><\/p>\n<p><strong><u>Trzech kr\u00f3li<\/u><\/strong><\/p>\n<p><strong>6.01.2025r.<\/strong><\/p>\n<p>&nbsp;<\/td>\n<td width=\"71\"><strong>7.30<\/strong><\/td>\n<td width=\"457\">-W intencji Laury w 1 r. urodzin z pro\u015bb\u0105 o b\u0142og. Bo\u017ce i opiek\u0119 M Bo\u017cej<\/td>\n<\/tr>\n<tr>\n<td width=\"71\"><strong>10.00<\/strong><\/td>\n<td width=\"457\">+Tadeusz W\u00f3jcik \/1 r. \u015bm.\/<\/td>\n<\/tr>\n<tr>\n<td width=\"71\"><strong>15.00<\/strong><\/td>\n<td width=\"457\">+Jerzy Stapi\u0144ski \/10 r. \u015bm.\/ of. \u017cona i dzieci<\/td>\n<\/tr>\n<tr>\n<td rowspan=\"2\" width=\"166\"><strong>Wtorek<\/strong><\/p>\n<p><strong>7.01.2025r.<\/strong><\/p>\n<p><strong>\u00a0<\/strong><\/p>\n<p>&nbsp;<\/td>\n<td width=\"71\"><strong>7.00<\/strong><\/td>\n<td width=\"457\">1. +Jan Mermer of. c\u00f3rka Anna z rodzin\u0105<\/p>\n<p>2. +Maria Kami\u0144ska of. r\u00f3\u017ca MB Bolesnej<\/td>\n<\/tr>\n<tr>\n<td width=\"71\"><strong>17.00<\/strong><\/td>\n<td width=\"457\">+Ma\u0142gorzata Marsza\u0142ek \/5 r. \u015bm.\/ of. mama z rodzin\u0105<\/td>\n<\/tr>\n<tr>\n<td rowspan=\"2\" width=\"166\"><strong>\u015aroda<\/strong><\/p>\n<p><strong>8.01.2025r.<\/strong><\/p>\n<p><strong>\u00a0<\/strong><\/p>\n<p><strong>\u00a0<\/strong><\/td>\n<td width=\"71\"><strong>7.00<\/strong><\/td>\n<td width=\"457\">1. +El\u017cbieta Kielar of. c\u00f3rka Katarzyna z rodzin\u0105<\/p>\n<p>2. +Jan Mermer of. koledzy syna z firmy Nersan<\/td>\n<\/tr>\n<tr>\n<td width=\"71\"><strong>17.00<\/strong><\/td>\n<td width=\"457\">+Janina Ma\u015bnik \/18 r. \u015bm.\/<\/td>\n<\/tr>\n<tr>\n<td rowspan=\"2\" width=\"166\"><strong>Czwartek<\/strong><\/p>\n<p><strong>9.01.2025r.<\/strong><\/p>\n<p><strong>\u00a0<\/strong><\/p>\n<p>&nbsp;<\/td>\n<td width=\"71\"><strong>7.00<\/strong><\/td>\n<td width=\"457\">1. +Maria Kami\u0144ska of. c\u00f3rka Wanda z rodzin\u0105<\/p>\n<p>2. +El\u017cbieta Kielar of r\u00f3\u017ca MB Nieustaj\u0105cej Pomocy<\/td>\n<\/tr>\n<tr>\n<td width=\"71\"><strong>17.00<\/strong><\/td>\n<td width=\"457\">+\u0141ukasz Szajna \/3 r. \u015bm.\/<\/td>\n<\/tr>\n<tr>\n<td rowspan=\"2\" width=\"166\"><strong>Pi\u0105tek<\/strong><\/p>\n<p><strong>10.01.2025r.<\/strong><\/p>\n<p><strong>\u00a0<\/strong><\/p>\n<p>&nbsp;<\/td>\n<td width=\"71\"><strong>7.00<\/strong><\/td>\n<td width=\"457\">1. +Zdzis\u0142awa Sudo\u0142 of . r\u00f3\u017ca MB Kr\u00f3lowej Polski<\/p>\n<p>2. +Maria Kami\u0144ska of. J\u00f3zef, \u00a0Maria Szul<\/td>\n<\/tr>\n<tr>\n<td width=\"71\"><strong>17.00<\/strong><\/td>\n<td width=\"457\">+Zofia Szul \/3 r. \u015bm.\/<\/td>\n<\/tr>\n<tr>\n<td rowspan=\"2\" width=\"166\"><strong>Sobota<\/strong><\/p>\n<p><strong>11.01.2025r.<\/strong><\/p>\n<p><strong>\u00a0<\/strong><\/p>\n<p>&nbsp;<\/td>\n<td width=\"71\"><strong>7.00<\/strong><\/td>\n<td width=\"457\">1. +El\u017cbieta Kielar of. c\u00f3rka Maria z rodzin\u0105<\/p>\n<p>2. +Jan Mermer of. r\u00f3\u017ca MB Bolesnej<\/td>\n<\/tr>\n<tr>\n<td width=\"71\"><strong>17.00<\/strong><\/td>\n<td width=\"457\">+Waleria \/26 r. \u015bm.\/<\/td>\n<\/tr>\n<tr>\n<td rowspan=\"3\" width=\"166\"><strong>Niedziela<\/strong><\/p>\n<p><strong>12.01.2025r.<\/strong><\/p>\n<p><strong>\u00a0<\/strong><\/p>\n<p>&nbsp;<\/td>\n<td width=\"71\"><strong>7.30<\/strong><\/td>\n<td width=\"457\">+Beata Chyna\u0142<\/td>\n<\/tr>\n<tr>\n<td width=\"71\"><strong>9.15<\/strong><\/td>\n<td width=\"457\">+Aniela, Franciszek Nycz<\/td>\n<\/tr>\n<tr>\n<td width=\"71\"><strong>11.00<\/strong><\/td>\n<td width=\"457\"><strong>Za Parafian<\/strong><\/td>\n<\/tr>\n<\/tbody>\n<\/table>\n","protected":false},"excerpt":{"rendered":"<p>Poniedzia\u0142ek Trzech kr\u00f3li 6.01.2025r. &nbsp; 7.30 -W intencji Laury w 1 r. urodzin z pro\u015bb\u0105 o b\u0142og. Bo\u017ce i opiek\u0119 M Bo\u017cej 10.00 +Tadeusz W\u00f3jcik \/1 r. \u015bm.\/ 15.00 +Jerzy Stapi\u0144ski \/10 r. \u015bm.\/ of. \u017cona i dzieci Wtorek 7.01.2025r. \u00a0 &nbsp; 7.00 1. +Jan Mermer of. c\u00f3rka Anna z<span class=\"more-link\"><a href=\"https:\/\/parafiabesko.pl\/?p=10865\">Czytaj wi\u0119cej<\/a><\/span><\/p>\n","protected":false},"author":1,"featured_media":0,"comment_status":"closed","ping_status":"open","sticky":false,"template":"","format":"standard","meta":{"footnotes":""},"categories":[4],"tags":[],"class_list":["entry","author-adminparafiibesko","post-10865","post","type-post","status-publish","format-standard","category-intencje-mszalne"],"_links":{"self":[{"href":"https:\/\/parafiabesko.pl\/index.php?rest_route=\/wp\/v2\/posts\/10865","targetHints":{"allow":["GET"]}}],"collection":[{"href":"https:\/\/parafiabesko.pl\/index.php?rest_route=\/wp\/v2\/posts"}],"about":[{"href":"https:\/\/parafiabesko.pl\/index.php?rest_route=\/wp\/v2\/types\/post"}],"author":[{"embeddable":true,"href":"https:\/\/parafiabesko.pl\/index.php?rest_route=\/wp\/v2\/users\/1"}],"replies":[{"embeddable":true,"href":"https:\/\/parafiabesko.pl\/index.php?rest_route=%2Fwp%2Fv2%2Fcomments&post=10865"}],"version-history":[{"count":0,"href":"https:\/\/parafiabesko.pl\/index.php?rest_route=\/wp\/v2\/posts\/10865\/revisions"}],"wp:attachment":[{"href":"https:\/\/parafiabesko.pl\/index.php?rest_route=%2Fwp%2Fv2%2Fmedia&parent=10865"}],"wp:term":[{"taxonomy":"category","embeddable":true,"href":"https:\/\/parafiabesko.pl\/index.php?rest_route=%2Fwp%2Fv2%2Fcategories&post=10865"},{"taxonomy":"post_tag","embeddable":true,"href":"https:\/\/parafiabesko.pl\/index.php?rest_route=%2Fwp%2Fv2%2Ftags&post=10865"}],"curies":[{"name":"wp","href":"https:\/\/api.w.org\/{rel}","templated":true}]}}