{"id":10862,"date":"2024-12-29T13:58:29","date_gmt":"2024-12-29T13:58:29","guid":{"rendered":"https:\/\/parafiabesko.pl\/?p=10862"},"modified":"2024-12-29T13:58:29","modified_gmt":"2024-12-29T13:58:29","slug":"ogloszenia-parafialne-niedziela-swietej-rodziny-29-12-2024r","status":"publish","type":"post","link":"https:\/\/parafiabesko.pl\/?p=10862","title":{"rendered":"Og\u0142oszenia parafialne Niedziela \u015awi\u0119tej Rodziny 29.12.2024r."},"content":{"rendered":"<h3>W poniedzia\u0142ek o godz. 17.00 modlitwa przy relikwiach \u015bw. Jana Paw\u0142a II. O godz. 18.30 Msza \u015bw. dla m\u0119\u017cczyzn.<\/h3>\n<h3>We wtorek wizyta duszpastersko w Por\u0119bach od godz. 9.00.<\/h3>\n<h3><strong>We wtorek<\/strong> <strong>31 grudnia Nabo\u017ce\u0144stwo dzi\u0119kczynno-przeb\u0142agalne na zako\u0144czenie Starego Roku w Besku, Mymoniu i w Por\u0119bach o godz.16.00. <\/strong><\/h3>\n<h3><strong>We \u015brod\u0119 1 stycznia 2025 &#8211; Nowy Rok &#8211;\u00a0 Uroczysto\u015b\u0107 Bo\u017cej Rodzicielki Maryi <\/strong>dzie\u0144 modlitw o pok\u00f3j na \u015bwiecie. Porz\u0105dek Mszy \u015bwi\u0119tych \u2013 w Besku: 7.30, 9.15, suma o 11.00 i po po\u0142udniu o 16.00 bez Nieszpor\u00f3w. W Mymoniu 8.30, w Por\u0119bach o 10.00.<\/h3>\n<h3>Pierwszy czwartek miesi\u0105ca o godz. 17.00 Godzina \u015bw.<\/h3>\n<h3>Pierwszy pi\u0105tek miesi\u0105ca. Rano o godz. 7.00 Msza \u015bw. i adoracja, adoruje r\u00f3\u017ca \u015aw. siostry Faustyny, prze\u0142o\u017cona Maria Mroczkowska. Wieczorem o godz. 17.00 Msza \u015bw. i adoracja. W Mymoniu i Por\u0119bach o godz. 15.00 adoracja, spowied\u017a i Msza \u015bw. W pierwszy pi\u0105tek stycznia nie b\u0119dziemy odwiedza\u0107 chorych.<\/h3>\n<h3>Pierwsza sobota miesi\u0105ca. Rano o godz. 7.00 Msza \u015bw. i nabo\u017ce\u0144stwo do Matki Bo\u017cej, adoruje r\u00f3\u017ca Wniebowzi\u0119cia NMP, prze\u0142o\u017cona Agata Mroczkowska. Wieczorem o godz. 17.00 Msza \u015bw. i nabo\u017ce\u0144stwo do Matki Bo\u017cej.<\/h3>\n<h3>W przysz\u0142\u0105 niedziel\u0119 <strong>Niedziela Adoracyjna<\/strong> \u2013 od godz. 12.00 do 16.00 prywatna adoracja rodzin naszej Parafii. O godzinie 16.00 Nabo\u017ce\u0144stwo r\u00f3\u017ca\u0144cowe i zmiana tajemnic, adoruje r\u00f3\u017ca Zwiastowania NMP prze\u0142o\u017cona Maria Bacior.<\/h3>\n<h3>W tym tygodniu wizyta duszpasterska b\u0119dzie w Besku; w poniedzia\u0142ek, czwartek i sobot\u0119 ks. Pawe\u0142 i ks. Tomasz b\u0119d\u0105 odwiedza\u0107 rodziny od godz. 9.00 w wyznaczonych cz\u0119\u015bciach Parafii.<\/h3>\n<h3>Za udekorowanie naszej \u015bwi\u0105tyni na \u015bwi\u0119ta \u2013 dzi\u0119kujemy: panu ko\u015bcielnemu, dekoratorce Marlenie Sza\u0142ankiewicz, J\u00f3zefowi Winiarskiemu, Marcinowi Semenowiczowi, pracownikom Zak\u0142adowi Gospodarki Komunalnej w Besku, GOK w Besku &#8211; a ministrantom, lektorom, scholi, ch\u00f3rowi Miriam, orkiestrze OSP w Besku, panu organi\u015bcie za przygotowanie i upi\u0119kszenie liturgii na \u015bwi\u0119ta. B\u00f3g zap\u0142a\u0107! S\u0142owa wdzi\u0119czno\u015bci kierujemy do parafianek, kt\u00f3re na szyde\u0142ku przygotowa\u0142y ozdoby choinkowe. B\u00f3g zap\u0142a\u0107!<\/h3>\n<h3>Pod ch\u00f3rem wy\u0142o\u017cona jest w woreczkach kreda i kadzid\u0142o na po\u015bwi\u0119cenie na Trzech Kr\u00f3li, ofiary sk\u0142adane do puszki przy nabywaniu przeznaczone s\u0105 na dalsze prace w salkach katechetycznych. Ofiary dobrowolne.<\/h3>\n<h3><strong>Dane statystyczne Parafii Besko za rok 2024:<\/strong><\/h3>\n<h3>&#8211; Chrzty \u2013 41<\/h3>\n<h3>&#8211; Pierwsza komunia \u015bw. \u2013 53<\/h3>\n<h3>&#8211; \u015aluby \u2013 9<\/h3>\n<h3>&#8211; Bierzmowani &#8211; 27<\/h3>\n<h3>&#8211; Odwiedziny chorych \u2013163<\/h3>\n<h3>&#8211; Pogrzeby \u2013 30<\/h3>\n<h3>&#8211; Rozdano 94.000 komunii \u015bw.<\/h3>\n","protected":false},"excerpt":{"rendered":"<p>W poniedzia\u0142ek o godz. 17.00 modlitwa przy relikwiach \u015bw. Jana Paw\u0142a II. O godz. 18.30 Msza \u015bw. dla m\u0119\u017cczyzn. We wtorek wizyta duszpastersko w Por\u0119bach od godz. 9.00. We wtorek 31 grudnia Nabo\u017ce\u0144stwo dzi\u0119kczynno-przeb\u0142agalne na zako\u0144czenie Starego Roku w Besku, Mymoniu i w Por\u0119bach o godz.16.00. We \u015brod\u0119 1 stycznia<span class=\"more-link\"><a href=\"https:\/\/parafiabesko.pl\/?p=10862\">Czytaj wi\u0119cej<\/a><\/span><\/p>\n","protected":false},"author":1,"featured_media":0,"comment_status":"closed","ping_status":"open","sticky":false,"template":"","format":"standard","meta":{"footnotes":""},"categories":[7],"tags":[],"class_list":["entry","author-adminparafiibesko","post-10862","post","type-post","status-publish","format-standard","category-ogloszenia-parafialne"],"_links":{"self":[{"href":"https:\/\/parafiabesko.pl\/index.php?rest_route=\/wp\/v2\/posts\/10862","targetHints":{"allow":["GET"]}}],"collection":[{"href":"https:\/\/parafiabesko.pl\/index.php?rest_route=\/wp\/v2\/posts"}],"about":[{"href":"https:\/\/parafiabesko.pl\/index.php?rest_route=\/wp\/v2\/types\/post"}],"author":[{"embeddable":true,"href":"https:\/\/parafiabesko.pl\/index.php?rest_route=\/wp\/v2\/users\/1"}],"replies":[{"embeddable":true,"href":"https:\/\/parafiabesko.pl\/index.php?rest_route=%2Fwp%2Fv2%2Fcomments&post=10862"}],"version-history":[{"count":0,"href":"https:\/\/parafiabesko.pl\/index.php?rest_route=\/wp\/v2\/posts\/10862\/revisions"}],"wp:attachment":[{"href":"https:\/\/parafiabesko.pl\/index.php?rest_route=%2Fwp%2Fv2%2Fmedia&parent=10862"}],"wp:term":[{"taxonomy":"category","embeddable":true,"href":"https:\/\/parafiabesko.pl\/index.php?rest_route=%2Fwp%2Fv2%2Fcategories&post=10862"},{"taxonomy":"post_tag","embeddable":true,"href":"https:\/\/parafiabesko.pl\/index.php?rest_route=%2Fwp%2Fv2%2Ftags&post=10862"}],"curies":[{"name":"wp","href":"https:\/\/api.w.org\/{rel}","templated":true}]}}