{"id":10860,"date":"2024-12-29T13:54:25","date_gmt":"2024-12-29T13:54:25","guid":{"rendered":"https:\/\/parafiabesko.pl\/?p=10860"},"modified":"2024-12-29T13:54:25","modified_gmt":"2024-12-29T13:54:25","slug":"intencje-mszalne-30-12-2024r-5-01-2025r","status":"publish","type":"post","link":"https:\/\/parafiabesko.pl\/?p=10860","title":{"rendered":"Intencje mszalne 30.12.2024r.-5.01.2025r."},"content":{"rendered":"<table>\n<tbody>\n<tr>\n<td rowspan=\"2\" width=\"166\"><strong>Poniedzia\u0142ek<\/strong><\/p>\n<p><strong>30.12.2024r.<\/strong><\/p>\n<p>&nbsp;<\/td>\n<td width=\"71\"><strong>7.00<\/strong><\/td>\n<td width=\"457\">1. +Zdzis\u0142aw\u0119 Sudo\u0142 of Marian, Anna Sza\u0142ankiewicz<\/p>\n<p>2. +Adela Ma\u0142ek of. koledzy syna Jana<\/p>\n<p>&nbsp;<\/td>\n<\/tr>\n<tr>\n<td width=\"71\"><strong>17.00<\/strong><\/td>\n<td width=\"457\">+Jan Kasperkowicz \/14 r. \u015bm\/<\/td>\n<\/tr>\n<tr>\n<td rowspan=\"2\" width=\"166\"><strong>Wtorek<\/strong><\/p>\n<p><strong>31.12.2024r.<\/strong><\/p>\n<p>&nbsp;<\/td>\n<td width=\"71\"><strong>7.00<\/strong><\/td>\n<td width=\"457\">+Maria, J\u00f3zef Roman<\/td>\n<\/tr>\n<tr>\n<td width=\"71\"><strong>16.00<\/strong><\/td>\n<td width=\"457\">-Dzi\u0119kczynno-b\u0142agalna<\/td>\n<\/tr>\n<tr>\n<td rowspan=\"4\" width=\"166\">\n<p style=\"text-align: center;\"><strong>\u015aroda<\/strong><\/p>\n<p style=\"text-align: center;\"><strong><u>Nowy Rok<\/u><\/strong><\/p>\n<p style=\"text-align: center;\"><strong>1.01.2025r.<\/strong><\/p>\n<p><strong>\u00a0<\/strong><\/td>\n<td width=\"71\"><strong>7.30<\/strong><\/td>\n<td width=\"457\">+Genowefa, Micha\u0142 Pola\u0144scy<\/td>\n<\/tr>\n<tr>\n<td width=\"71\"><strong>9.15<\/strong><\/td>\n<td width=\"457\">-O zdrowie i b\u0142og. Bo\u017ce dla si\u00f3str z r\u00f3\u017cy MB R\u00f3\u017ca\u0144cowej<\/td>\n<\/tr>\n<tr>\n<td width=\"71\"><strong>11.00<\/strong><\/td>\n<td width=\"457\"><strong>Za Parafian<\/strong><\/td>\n<\/tr>\n<tr>\n<td width=\"71\"><strong>16.00<\/strong><\/td>\n<td width=\"457\">+Krzysztof Such \/10 r. \u015bm.\/ of pracownicy Such-Med<\/td>\n<\/tr>\n<tr>\n<td rowspan=\"2\" width=\"166\"><strong>Czwartek<\/strong><\/p>\n<p><strong>2.01.2025r.<\/strong><\/p>\n<p>&nbsp;<\/td>\n<td width=\"71\"><strong>7.00<\/strong><\/td>\n<td width=\"457\">1. +Zdzis\u0142aw\u0119 Sudo\u0142 of. c\u00f3rka Wioletta z m\u0119\u017cem<\/p>\n<p>2. +Adela Ma\u0142ek of. c\u00f3rka Marta z rodzin\u0105<\/p>\n<p>&nbsp;<\/td>\n<\/tr>\n<tr>\n<td width=\"71\"><strong>17.00<\/strong><\/td>\n<td width=\"457\">+Maria, Jan Winiarscy i zm. z rodziny<\/td>\n<\/tr>\n<tr>\n<td rowspan=\"2\" width=\"166\"><strong>Pi\u0105tek<\/strong><\/p>\n<p><strong>3.01.2025r.<\/strong><\/p>\n<p>&nbsp;<\/td>\n<td width=\"71\"><strong>7.00<\/strong><\/td>\n<td width=\"457\">+Jan Mermer of. \u017cona<\/td>\n<\/tr>\n<tr>\n<td width=\"71\"><strong>17.00<\/strong><\/td>\n<td width=\"457\">+Helena, Czes\u0142aw Niepewny<\/td>\n<\/tr>\n<tr>\n<td rowspan=\"2\" width=\"166\"><strong>Sobota<\/strong><\/p>\n<p><strong>4.01.2025r.<\/strong><\/p>\n<p>&nbsp;<\/td>\n<td width=\"71\"><strong>7.00<\/strong><\/td>\n<td width=\"457\">1. +Marian Dulewski<\/p>\n<p>2. +El\u017cbieta Kielar of. c\u00f3rka Marta z rodzin\u0105<\/td>\n<\/tr>\n<tr>\n<td width=\"71\"><strong>17.00<\/strong><\/td>\n<td width=\"457\">+Helena Weber \/19 r. \u015bm.\/, Czes\u0142aw of. c\u00f3rka Zofia<\/td>\n<\/tr>\n<tr>\n<td rowspan=\"4\" width=\"166\"><strong>Niedziela<\/strong><\/p>\n<p><strong>5.01.2025r.<\/strong><\/p>\n<p>&nbsp;<\/td>\n<td width=\"71\"><strong>7.30<\/strong><\/td>\n<td width=\"457\">+Lech Bura<\/td>\n<\/tr>\n<tr>\n<td width=\"71\"><strong>9.15<\/strong><\/td>\n<td width=\"457\">+J\u00f3zef Rajchel<\/td>\n<\/tr>\n<tr>\n<td width=\"71\"><strong>11.00<\/strong><\/td>\n<td width=\"457\"><strong>Za Parafian<\/strong><\/td>\n<\/tr>\n<tr>\n<td width=\"71\"><strong>16.30<\/strong><\/td>\n<td width=\"457\">+Agnieszka Matuszek<\/td>\n<\/tr>\n<\/tbody>\n<\/table>\n","protected":false},"excerpt":{"rendered":"<p>Poniedzia\u0142ek 30.12.2024r. &nbsp; 7.00 1. +Zdzis\u0142aw\u0119 Sudo\u0142 of Marian, Anna Sza\u0142ankiewicz 2. +Adela Ma\u0142ek of. koledzy syna Jana &nbsp; 17.00 +Jan Kasperkowicz \/14 r. \u015bm\/ Wtorek 31.12.2024r. &nbsp; 7.00 +Maria, J\u00f3zef Roman 16.00 -Dzi\u0119kczynno-b\u0142agalna \u015aroda Nowy Rok 1.01.2025r. \u00a0 7.30 +Genowefa, Micha\u0142 Pola\u0144scy 9.15 -O zdrowie i b\u0142og. Bo\u017ce dla<span class=\"more-link\"><a href=\"https:\/\/parafiabesko.pl\/?p=10860\">Czytaj wi\u0119cej<\/a><\/span><\/p>\n","protected":false},"author":1,"featured_media":0,"comment_status":"closed","ping_status":"open","sticky":false,"template":"","format":"standard","meta":{"footnotes":""},"categories":[4],"tags":[],"class_list":["entry","author-adminparafiibesko","post-10860","post","type-post","status-publish","format-standard","category-intencje-mszalne"],"_links":{"self":[{"href":"https:\/\/parafiabesko.pl\/index.php?rest_route=\/wp\/v2\/posts\/10860","targetHints":{"allow":["GET"]}}],"collection":[{"href":"https:\/\/parafiabesko.pl\/index.php?rest_route=\/wp\/v2\/posts"}],"about":[{"href":"https:\/\/parafiabesko.pl\/index.php?rest_route=\/wp\/v2\/types\/post"}],"author":[{"embeddable":true,"href":"https:\/\/parafiabesko.pl\/index.php?rest_route=\/wp\/v2\/users\/1"}],"replies":[{"embeddable":true,"href":"https:\/\/parafiabesko.pl\/index.php?rest_route=%2Fwp%2Fv2%2Fcomments&post=10860"}],"version-history":[{"count":0,"href":"https:\/\/parafiabesko.pl\/index.php?rest_route=\/wp\/v2\/posts\/10860\/revisions"}],"wp:attachment":[{"href":"https:\/\/parafiabesko.pl\/index.php?rest_route=%2Fwp%2Fv2%2Fmedia&parent=10860"}],"wp:term":[{"taxonomy":"category","embeddable":true,"href":"https:\/\/parafiabesko.pl\/index.php?rest_route=%2Fwp%2Fv2%2Fcategories&post=10860"},{"taxonomy":"post_tag","embeddable":true,"href":"https:\/\/parafiabesko.pl\/index.php?rest_route=%2Fwp%2Fv2%2Ftags&post=10860"}],"curies":[{"name":"wp","href":"https:\/\/api.w.org\/{rel}","templated":true}]}}