{"id":10857,"date":"2024-12-25T22:06:33","date_gmt":"2024-12-25T22:06:33","guid":{"rendered":"https:\/\/parafiabesko.pl\/?p=10857"},"modified":"2024-12-25T22:06:33","modified_gmt":"2024-12-25T22:06:33","slug":"ogloszenia-parafialne-swieto-swietego-szczepana-26-12-2024r","status":"publish","type":"post","link":"https:\/\/parafiabesko.pl\/?p=10857","title":{"rendered":"Og\u0142oszenia parafialne \u015awi\u0119to \u015bwi\u0119tego Szczepana 26.12.2024r."},"content":{"rendered":"<h3><strong>Dzisiaj 26 grudnia<\/strong> <strong>\u015awi\u0119to \u015bwi\u0119tego Szczepana<\/strong>. Na sumie obrz\u0119d rozes\u0142ania kol\u0119dnik\u00f3w misyjnych. Po ka\u017cdej Mszy \u015bw. b\u0142ogos\u0142awie\u0144stwo owsa. Taca z dzisiejszego \u015bwi\u0119ta jest przeznaczona na dom ksi\u0119\u017cy emeryt\u00f3w EMAUS i na ksi\u0119\u017cy emeryt\u00f3w, Seminarium Duchowne i Papieski Uniwersytet Teologiczny Jana Paw\u0142a II w Krakowie.<\/h3>\n<h3><strong>Jutro w pi\u0105tek 27 grudnia \u015awi\u0119to \u015bwi\u0119tego Jana Aposto\u0142a i Ewangelisty.\u00a0<\/strong><\/h3>\n<h3>Jutro 27 grudnia grupy Kol\u0119dnik\u00f3w misyjnych z naszej Parafii przygotowane przez ksi\u0119dza Tomasza i KSM w Besku &#8211; odwiedz\u0105 rodziny w Besku i Mymoniu prosimy \u017cyczliwe przyj\u0119cie misyjnych kol\u0119dnik\u00f3w. Kol\u0119dowanie to dzielenie si\u0119 rado\u015bci\u0105 ze spotkania Zbawiciela narodzonego w Betlejem. To przedsi\u0119wzi\u0119cie skierowane jest do dzieci i ich rodzin. Kol\u0119dnicy misyjni przez trud kol\u0119dowania chc\u0105 te\u017c zwr\u00f3ci\u0107 uwag\u0119 na sytuacj\u0119 dzieci z kraj\u00f3w misyjnych. W tym roku opowiedz\u0105 odwiedzanym rodzinom o dzieciach w Republice Konga. W\u0142a\u015bnie na ten cel b\u0119d\u0105 zbiera\u0107 ofiary.<\/h3>\n<h3><strong>W pi\u0105tek 27 grudnia wizyta duszpasterska w Mymoniu<\/strong> od godziny 9.00. Ksi\u0105dz Pawe\u0142 i ksi\u0105dz Tomasz odwiedz\u0105 wszystkie rodziny we wiosce.<\/h3>\n<h3><strong>W sobot\u0119 28 grudnia \u015awi\u0119to \u015bwi\u0119tych M\u0142odziank\u00f3w.<\/strong><\/h3>\n<h3><strong>W sobot\u0119 &#8211; Wizyta duszpasterska w Besku: <\/strong>Pocz\u0105tek odwiedzin rodzin od godziny 9.00.<\/h3>\n<h3><strong>Ksi\u0105dz Pawe\u0142 <\/strong>b\u0119dzie odwiedza\u0142 rodziny \u2013 rozpocznie od dzielnicy Wola prawa strona, Hrabe\u0144, Wie\u015b, Podrzecze i dzielnica od tor\u00f3w w stron\u0119 Por\u0119b.<\/h3>\n<h3><strong>Ksi\u0105dz Tomasz <\/strong>b\u0119dzie odwiedza\u0142 rodziny &#8211; rozpocznie od dzielnicy Wola lewa strona, nast\u0119pnie Sucha Wie\u015b, Ska\u0142ki, ulica Bieszczadzka, G\u00f3ry, Zapowied\u017c, ulica Starowiejska, Cieplaki, Zak\u0105cie, Ogrody, Frysztak.<\/h3>\n<h3>W pi\u0105tek mimo oktawy Narodzenia Pa\u0144skiego obowi\u0105zuje abstynencja od pokarm\u00f3w mi\u0119snych.<\/h3>\n<h3>Pod ch\u00f3rem wy\u0142o\u017cona jest w woreczkach kreda i kadzid\u0142o na po\u015bwi\u0119cenie na Trzech Kr\u00f3li, ofiary sk\u0142adane do puszki przy nabywaniu przeznaczone s\u0105 na dalsze prace w salkach katechetycznych. Ofiary dobrowolne.<\/h3>\n","protected":false},"excerpt":{"rendered":"<p>Dzisiaj 26 grudnia \u015awi\u0119to \u015bwi\u0119tego Szczepana. Na sumie obrz\u0119d rozes\u0142ania kol\u0119dnik\u00f3w misyjnych. Po ka\u017cdej Mszy \u015bw. b\u0142ogos\u0142awie\u0144stwo owsa. Taca z dzisiejszego \u015bwi\u0119ta jest przeznaczona na dom ksi\u0119\u017cy emeryt\u00f3w EMAUS i na ksi\u0119\u017cy emeryt\u00f3w, Seminarium Duchowne i Papieski Uniwersytet Teologiczny Jana Paw\u0142a II w Krakowie. Jutro w pi\u0105tek 27 grudnia \u015awi\u0119to<span class=\"more-link\"><a href=\"https:\/\/parafiabesko.pl\/?p=10857\">Czytaj wi\u0119cej<\/a><\/span><\/p>\n","protected":false},"author":1,"featured_media":0,"comment_status":"closed","ping_status":"open","sticky":false,"template":"","format":"standard","meta":{"footnotes":""},"categories":[7],"tags":[],"class_list":["entry","author-adminparafiibesko","post-10857","post","type-post","status-publish","format-standard","category-ogloszenia-parafialne"],"_links":{"self":[{"href":"https:\/\/parafiabesko.pl\/index.php?rest_route=\/wp\/v2\/posts\/10857","targetHints":{"allow":["GET"]}}],"collection":[{"href":"https:\/\/parafiabesko.pl\/index.php?rest_route=\/wp\/v2\/posts"}],"about":[{"href":"https:\/\/parafiabesko.pl\/index.php?rest_route=\/wp\/v2\/types\/post"}],"author":[{"embeddable":true,"href":"https:\/\/parafiabesko.pl\/index.php?rest_route=\/wp\/v2\/users\/1"}],"replies":[{"embeddable":true,"href":"https:\/\/parafiabesko.pl\/index.php?rest_route=%2Fwp%2Fv2%2Fcomments&post=10857"}],"version-history":[{"count":0,"href":"https:\/\/parafiabesko.pl\/index.php?rest_route=\/wp\/v2\/posts\/10857\/revisions"}],"wp:attachment":[{"href":"https:\/\/parafiabesko.pl\/index.php?rest_route=%2Fwp%2Fv2%2Fmedia&parent=10857"}],"wp:term":[{"taxonomy":"category","embeddable":true,"href":"https:\/\/parafiabesko.pl\/index.php?rest_route=%2Fwp%2Fv2%2Fcategories&post=10857"},{"taxonomy":"post_tag","embeddable":true,"href":"https:\/\/parafiabesko.pl\/index.php?rest_route=%2Fwp%2Fv2%2Ftags&post=10857"}],"curies":[{"name":"wp","href":"https:\/\/api.w.org\/{rel}","templated":true}]}}