{"id":10853,"date":"2024-12-22T16:34:22","date_gmt":"2024-12-22T16:34:22","guid":{"rendered":"https:\/\/parafiabesko.pl\/?p=10853"},"modified":"2024-12-22T16:34:22","modified_gmt":"2024-12-22T16:34:22","slug":"ogloszenia-parafialne-4-niedziela-adwentu-22-12-2024r","status":"publish","type":"post","link":"https:\/\/parafiabesko.pl\/?p=10853","title":{"rendered":"Og\u0142oszenia parafialne 4 Niedziela Adwentu 22.12.2024r."},"content":{"rendered":"<h3>W poniedzia\u0142ek i wtorek rano o godz. 6.30 Godzinki, a o 7.00 Msza \u015bw. Mszy \u015bw. wieczorowej nie b\u0119dzie. Kancelaria parafialna czynna po porannej Mszy \u015bw.<\/h3>\n<h3><strong><u>We wtorek 24 grudnia<\/u><\/strong> &#8211; <strong><u>Wigilia<\/u> &#8211; <\/strong>dzie\u0144 oczekiwania na Uroczysto\u015b\u0107 Narodzenia Pa\u0144skiego. Wieczorem zasiadamy do wieczerzy wigilijnej. Przypominamy Parafianom, \u00a0\u017ce wieczerz\u0119 rozpoczynamy czytaniem Pisma \u015bwi\u0119tego o narodzeniu Pana Jezusa \u00a0z ewangelii \u015bwi\u0119tego \u0141ukasza \u2013 rozdzia\u0142 2, modlimy si\u0119 za \u017cywych i zmar\u0142ych i \u015bpiewamy kol\u0119dy. W ten wiecz\u00f3r wykluczamy alkohol.<\/h3>\n<h3><strong><u>Pasterka<\/u> &#8211; <\/strong>w Besku o godzinie 24.00, a w ko\u015bcio\u0142ach filialnych w Mymoniu i w Por\u0119bach o godzinie 22.00. <strong>Po\u0142ow\u0119 ofiar na tac\u0119 z Pasterki przeznaczona jest na Diecezjalny Fundusz Ochrony \u017bycia.<\/strong><\/h3>\n<h3><strong><u>We \u015brod\u0119<\/u><\/strong><u> &#8211; <strong>25 grudnia Uroczysto\u015b\u0107 Bo\u017cego Narodzenia<\/strong><\/u>. Porz\u0105dek Mszy \u015bwi\u0119tej w Besku: 7.30, 9.15, 11.00 i 16.00 bez Nieszpor\u00f3w. W ko\u015bcio\u0142ach filialnych Msza \u015bw. w Mymoniu 8.30, w Por\u0119bach 10.00.<\/h3>\n<h3><strong><u>We czwartek<\/u><\/strong><u> &#8211; <\/u><strong><u>26 grudnia<\/u><\/strong><u> <strong>\u015awi\u0119to \u015bwi\u0119tego Szczepana<\/strong>.<\/u> Porz\u0105dek Mszy \u015bw. \u00a0w Besku: 7.30, 9.15, 11.00 i 16.00 bez Nieszpor\u00f3w.\u00a0 Na sumie obrz\u0119d rozes\u0142ania kol\u0119dnik\u00f3w misyjnych. W ko\u015bcio\u0142ach filialnych Msza \u015bw. w Mymoniu 8.30, w Por\u0119bach 10.00. Taca jest przeznaczona na dom EMAUS, na ksi\u0119\u017cy emeryt\u00f3w, Seminarium Duchowne i Papieski Uniwersytet Teologiczny Jana Paw\u0142a II w Krakowie.<\/h3>\n<h3><strong><u>W pi\u0105tek 27\u2013grudnia \u015awi\u0119to \u015bw. Jana, Aposto\u0142a i Ewangelisty.<\/u><\/strong> Obowi\u0105zuje wstrzemi\u0119\u017aliwo\u015b\u0107 od pokarm\u00f3w mi\u0119snych.<\/h3>\n<h3><strong><u>W przysz\u0142a niedziel\u0119 Niedziela \u015awi\u0119tej Rodziny.<\/u><\/strong><\/h3>\n<h3>Pan organista i siostry zakonne dzi\u0119kuj\u0105 za ofiary z\u0142o\u017cone z racji nabywania op\u0142atk\u00f3w wigilijnych.<\/h3>\n","protected":false},"excerpt":{"rendered":"<p>W poniedzia\u0142ek i wtorek rano o godz. 6.30 Godzinki, a o 7.00 Msza \u015bw. Mszy \u015bw. wieczorowej nie b\u0119dzie. Kancelaria parafialna czynna po porannej Mszy \u015bw. We wtorek 24 grudnia &#8211; Wigilia &#8211; dzie\u0144 oczekiwania na Uroczysto\u015b\u0107 Narodzenia Pa\u0144skiego. Wieczorem zasiadamy do wieczerzy wigilijnej. Przypominamy Parafianom, \u00a0\u017ce wieczerz\u0119 rozpoczynamy czytaniem<span class=\"more-link\"><a href=\"https:\/\/parafiabesko.pl\/?p=10853\">Czytaj wi\u0119cej<\/a><\/span><\/p>\n","protected":false},"author":1,"featured_media":0,"comment_status":"closed","ping_status":"open","sticky":false,"template":"","format":"standard","meta":{"footnotes":""},"categories":[7],"tags":[],"class_list":["entry","author-adminparafiibesko","post-10853","post","type-post","status-publish","format-standard","category-ogloszenia-parafialne"],"_links":{"self":[{"href":"https:\/\/parafiabesko.pl\/index.php?rest_route=\/wp\/v2\/posts\/10853","targetHints":{"allow":["GET"]}}],"collection":[{"href":"https:\/\/parafiabesko.pl\/index.php?rest_route=\/wp\/v2\/posts"}],"about":[{"href":"https:\/\/parafiabesko.pl\/index.php?rest_route=\/wp\/v2\/types\/post"}],"author":[{"embeddable":true,"href":"https:\/\/parafiabesko.pl\/index.php?rest_route=\/wp\/v2\/users\/1"}],"replies":[{"embeddable":true,"href":"https:\/\/parafiabesko.pl\/index.php?rest_route=%2Fwp%2Fv2%2Fcomments&post=10853"}],"version-history":[{"count":0,"href":"https:\/\/parafiabesko.pl\/index.php?rest_route=\/wp\/v2\/posts\/10853\/revisions"}],"wp:attachment":[{"href":"https:\/\/parafiabesko.pl\/index.php?rest_route=%2Fwp%2Fv2%2Fmedia&parent=10853"}],"wp:term":[{"taxonomy":"category","embeddable":true,"href":"https:\/\/parafiabesko.pl\/index.php?rest_route=%2Fwp%2Fv2%2Fcategories&post=10853"},{"taxonomy":"post_tag","embeddable":true,"href":"https:\/\/parafiabesko.pl\/index.php?rest_route=%2Fwp%2Fv2%2Ftags&post=10853"}],"curies":[{"name":"wp","href":"https:\/\/api.w.org\/{rel}","templated":true}]}}