{"id":10851,"date":"2024-12-22T16:30:54","date_gmt":"2024-12-22T16:30:54","guid":{"rendered":"https:\/\/parafiabesko.pl\/?p=10851"},"modified":"2024-12-22T16:30:54","modified_gmt":"2024-12-22T16:30:54","slug":"intencje-mszalne-23-29-12-2024r","status":"publish","type":"post","link":"https:\/\/parafiabesko.pl\/?p=10851","title":{"rendered":"Intencje mszalne 23-29.12.2024r."},"content":{"rendered":"<table>\n<tbody>\n<tr>\n<td width=\"166\"><strong>Poniedzia\u0142ek<\/strong><\/p>\n<p><strong>23.12.2024r.<\/strong><\/p>\n<p>&nbsp;<\/td>\n<td width=\"71\"><strong>7.00<\/strong><\/td>\n<td width=\"457\">1. +Stefani\u0119 Kula i zm. z rodziny<\/p>\n<p>2. +Roman, Kazimier\u0119 Oberc i zm. z rodziny<\/p>\n<p>3. +Zdzis\u0142aw\u0119 Sudo\u0142 of. Maria, Bronis\u0142aw \u017b\u00f3\u0142kiewicz<\/p>\n<p>&nbsp;<\/td>\n<\/tr>\n<tr>\n<td width=\"166\"><strong>Wtorek<\/strong><\/p>\n<p><strong>24.12.2024r.<\/strong><\/p>\n<p>&nbsp;<\/td>\n<td width=\"71\"><strong>7.00<\/strong><\/td>\n<td width=\"457\">1. +J\u00f3zef Kwiatkowski of. orkiestra OSP w Besku<\/p>\n<p>2. +Stanis\u0142aw \u015aliwa of. s\u0105siedzi z ul. S\u0142onecznej<\/p>\n<p>3. +Maria \/20 r. \u015bm.\/, Jan \/24 r. \u015bm.\/ Michalak<\/p>\n<p>&nbsp;<\/td>\n<\/tr>\n<tr>\n<td width=\"166\"><strong><u>Pasterka<\/u><\/strong><\/td>\n<td width=\"71\"><strong>24.00<\/strong><\/td>\n<td width=\"457\"><strong>Za Parafian<\/strong><\/td>\n<\/tr>\n<tr>\n<td rowspan=\"4\" width=\"166\"><strong>\u015aroda<\/strong><\/p>\n<p><strong>Bo\u017ce<\/strong><\/p>\n<p><strong>Narodzenie<\/strong><\/p>\n<p><strong>25.12.2024r.<\/strong><\/td>\n<td width=\"71\"><strong>7.30<\/strong><\/td>\n<td width=\"457\">+Edward \u015aliwka<\/td>\n<\/tr>\n<tr>\n<td width=\"71\"><strong>9.15<\/strong><\/td>\n<td width=\"457\">+Edward, \u0141ukasz, Stanis\u0142aw<\/td>\n<\/tr>\n<tr>\n<td width=\"71\"><strong>11.00<\/strong><\/td>\n<td width=\"457\">+Krzysztof Such \/10 r. \u015bm.\/ of. \u017cona z dzie\u0107mi<\/td>\n<\/tr>\n<tr>\n<td width=\"71\"><strong>16.00<\/strong><\/td>\n<td width=\"457\">+Grzegorz, Zofia Suwa\u0142a<\/td>\n<\/tr>\n<tr>\n<td rowspan=\"4\" width=\"166\"><strong>Czwartek<\/strong><\/p>\n<p><strong>\u015awi\u0119to<\/strong><\/p>\n<p><strong>\u015awi\u0119tego<\/strong><\/p>\n<p><strong>Szczepana<\/strong><\/p>\n<p><strong>26.12.2024r.<\/strong><\/p>\n<p>&nbsp;<\/td>\n<td width=\"71\"><strong>7.30<\/strong><\/td>\n<td width=\"457\">+Julian Szcz\u0119sny<\/td>\n<\/tr>\n<tr>\n<td width=\"71\"><strong>9.15<\/strong><\/td>\n<td width=\"457\">+\u0141ukasz Nowak i zm. z rodziny<\/td>\n<\/tr>\n<tr>\n<td width=\"71\"><strong>11.00<\/strong><\/td>\n<td width=\"457\">-Dzi\u0119kczynna w 20 r. \u015blubu z pro\u015bb\u0105 o opiek\u0119 Bo\u017c\u0105 dla rodziny<\/td>\n<\/tr>\n<tr>\n<td width=\"71\"><strong>16.00<\/strong><\/td>\n<td width=\"457\">+Ks. Szczepan Semenowicz<\/td>\n<\/tr>\n<tr>\n<td rowspan=\"2\" width=\"166\"><strong>Pi\u0105tek<\/strong><\/p>\n<p><strong>27.12.2024r.<\/strong><\/p>\n<p>&nbsp;<\/td>\n<td width=\"71\"><strong>7.00<\/strong><\/td>\n<td width=\"457\">1. +Eugeniusz Mermer i zm. rodzice z obu stron<\/p>\n<p>2. +Stanis\u0142aw \u015aliwa of. rodzina Gospodarczyk<\/td>\n<\/tr>\n<tr>\n<td width=\"71\"><strong>17.00<\/strong><\/td>\n<td width=\"457\">+W\u0142adys\u0142aw, Maria Kolanko<\/td>\n<\/tr>\n<tr>\n<td rowspan=\"2\" width=\"166\"><strong>Sobota<\/strong><\/p>\n<p><strong>28.12.2024r.<\/strong><\/p>\n<p>&nbsp;<\/td>\n<td width=\"71\"><strong>7.00<\/strong><\/td>\n<td width=\"457\">1. +Zbigniew i zm. rodzice<\/p>\n<p>2. +Adela Ma\u0142ek of. syn Marian z \u017con\u0105<\/td>\n<\/tr>\n<tr>\n<td width=\"71\"><strong>17.00<\/strong><\/td>\n<td width=\"457\">+Ignacy \/27 r. \u015bm.\/, Maria Kmak<\/td>\n<\/tr>\n<tr>\n<td rowspan=\"4\" width=\"166\"><strong>Niedziela<\/strong><\/p>\n<p><strong>\u015awi\u0119tej<\/strong><\/p>\n<p><strong>Rodziny<\/strong><\/p>\n<p><strong>29.122024r.<\/strong><\/p>\n<p>&nbsp;<\/td>\n<td width=\"71\"><strong>7.30<\/strong><\/td>\n<td width=\"457\">+Genowefa, Mieczys\u0142aw i zm. z rodziny<\/td>\n<\/tr>\n<tr>\n<td width=\"71\"><strong>9.15<\/strong><\/td>\n<td width=\"457\">+Adela Ma\u0142ek of. Ewa, Andrzej Lewiccy<\/td>\n<\/tr>\n<tr>\n<td width=\"71\"><strong>11.00<\/strong><\/td>\n<td width=\"457\"><strong>Za Parafian<\/strong><\/td>\n<\/tr>\n<tr>\n<td width=\"71\"><strong>16.30<\/strong><\/td>\n<td width=\"457\">+Jan Kijowski<\/td>\n<\/tr>\n<\/tbody>\n<\/table>\n","protected":false},"excerpt":{"rendered":"<p>Poniedzia\u0142ek 23.12.2024r. &nbsp; 7.00 1. +Stefani\u0119 Kula i zm. z rodziny 2. +Roman, Kazimier\u0119 Oberc i zm. z rodziny 3. +Zdzis\u0142aw\u0119 Sudo\u0142 of. Maria, Bronis\u0142aw \u017b\u00f3\u0142kiewicz &nbsp; Wtorek 24.12.2024r. &nbsp; 7.00 1. +J\u00f3zef Kwiatkowski of. orkiestra OSP w Besku 2. +Stanis\u0142aw \u015aliwa of. s\u0105siedzi z ul. S\u0142onecznej 3. +Maria \/20<span class=\"more-link\"><a href=\"https:\/\/parafiabesko.pl\/?p=10851\">Czytaj wi\u0119cej<\/a><\/span><\/p>\n","protected":false},"author":1,"featured_media":0,"comment_status":"closed","ping_status":"open","sticky":false,"template":"","format":"standard","meta":{"footnotes":""},"categories":[4],"tags":[],"class_list":["entry","author-adminparafiibesko","post-10851","post","type-post","status-publish","format-standard","category-intencje-mszalne"],"_links":{"self":[{"href":"https:\/\/parafiabesko.pl\/index.php?rest_route=\/wp\/v2\/posts\/10851","targetHints":{"allow":["GET"]}}],"collection":[{"href":"https:\/\/parafiabesko.pl\/index.php?rest_route=\/wp\/v2\/posts"}],"about":[{"href":"https:\/\/parafiabesko.pl\/index.php?rest_route=\/wp\/v2\/types\/post"}],"author":[{"embeddable":true,"href":"https:\/\/parafiabesko.pl\/index.php?rest_route=\/wp\/v2\/users\/1"}],"replies":[{"embeddable":true,"href":"https:\/\/parafiabesko.pl\/index.php?rest_route=%2Fwp%2Fv2%2Fcomments&post=10851"}],"version-history":[{"count":0,"href":"https:\/\/parafiabesko.pl\/index.php?rest_route=\/wp\/v2\/posts\/10851\/revisions"}],"wp:attachment":[{"href":"https:\/\/parafiabesko.pl\/index.php?rest_route=%2Fwp%2Fv2%2Fmedia&parent=10851"}],"wp:term":[{"taxonomy":"category","embeddable":true,"href":"https:\/\/parafiabesko.pl\/index.php?rest_route=%2Fwp%2Fv2%2Fcategories&post=10851"},{"taxonomy":"post_tag","embeddable":true,"href":"https:\/\/parafiabesko.pl\/index.php?rest_route=%2Fwp%2Fv2%2Ftags&post=10851"}],"curies":[{"name":"wp","href":"https:\/\/api.w.org\/{rel}","templated":true}]}}