{"id":10847,"date":"2024-12-14T19:31:47","date_gmt":"2024-12-14T19:31:47","guid":{"rendered":"https:\/\/parafiabesko.pl\/?p=10847"},"modified":"2024-12-14T19:31:47","modified_gmt":"2024-12-14T19:31:47","slug":"ogloszenia-parafialne-3-niedziela-adwentu-15-12-2024r","status":"publish","type":"post","link":"https:\/\/parafiabesko.pl\/?p=10847","title":{"rendered":"Og\u0142oszenia parafialne 3 Niedziela Adwentu 15.12.2024r."},"content":{"rendered":"<h3>W przedsionku ko\u015bcio\u0142a pan ko\u015bcielny rozprowadza \u015bwiece Caritas <strong>Wigilijne Dzie\u0142o Pomocy Dzieciom<\/strong> na wigilijny st\u00f3\u0142. Ofiara za \u015bwiec\u0119 to r\u00f3wnowarto\u015b\u0107 jednego obiadu dla biednego dziecka \u2013 co najmniej 10 z\u0142.<\/h3>\n<h3>Od jutra rozpoczyna si\u0119 Nowenna do Dzieci\u0105tka Jezus.<\/h3>\n<h3>W tym tygodniu Msza \u015bw. b\u0119dzie odprawiana tylko rano o godz. 6.30 Godzinki, a o 7.00 Msza \u015bw. ze wzgl\u0119du na spowied\u017a przed \u015bwi\u0119tami w naszym dekanacie. Kancelaria parafialna czynna po porannej Mszy \u015bw.<\/h3>\n<h3><strong>Spowied\u017a \u015bwi\u0119ta przed \u015bwi\u0119tami Bo\u017cego Narodzenia w naszej Paraf<\/strong><strong>ii Besko b\u0119dzie w najbli\u017cszy pi\u0105tek 20<\/strong><strong> grudnia i tak<\/strong>: <strong>w Besku do po\u0142udnia od godz. 9.30 &#8211; 12.00 i po po\u0142udniu od 14.30 &#8211; 16.30<\/strong>. W ko\u015bcio\u0142ach filialnych <strong>w Por\u0119bach i<\/strong> <strong>w Mymoniu spowied\u017a o godz.<\/strong><strong> 14.30<\/strong><strong>. <\/strong>Prosimy, aby Parafianie do spowiedzi \u015bwi\u0119tej przyst\u0105pili w najbli\u017cszy pi\u0105tek, b\u0119d\u0105 spowiada\u0107 wszyscy kap\u0142ani naszego dekanatu w p\u00f3\u017aniejszym czasie przed \u015bwi\u0119tami okazji do spowiedzi b\u0119dzie niewiele.<\/h3>\n","protected":false},"excerpt":{"rendered":"<p>W przedsionku ko\u015bcio\u0142a pan ko\u015bcielny rozprowadza \u015bwiece Caritas Wigilijne Dzie\u0142o Pomocy Dzieciom na wigilijny st\u00f3\u0142. Ofiara za \u015bwiec\u0119 to r\u00f3wnowarto\u015b\u0107 jednego obiadu dla biednego dziecka \u2013 co najmniej 10 z\u0142. Od jutra rozpoczyna si\u0119 Nowenna do Dzieci\u0105tka Jezus. W tym tygodniu Msza \u015bw. b\u0119dzie odprawiana tylko rano o godz. 6.30<span class=\"more-link\"><a href=\"https:\/\/parafiabesko.pl\/?p=10847\">Czytaj wi\u0119cej<\/a><\/span><\/p>\n","protected":false},"author":1,"featured_media":0,"comment_status":"closed","ping_status":"open","sticky":false,"template":"","format":"standard","meta":{"footnotes":""},"categories":[7],"tags":[],"class_list":["entry","author-adminparafiibesko","post-10847","post","type-post","status-publish","format-standard","category-ogloszenia-parafialne"],"_links":{"self":[{"href":"https:\/\/parafiabesko.pl\/index.php?rest_route=\/wp\/v2\/posts\/10847","targetHints":{"allow":["GET"]}}],"collection":[{"href":"https:\/\/parafiabesko.pl\/index.php?rest_route=\/wp\/v2\/posts"}],"about":[{"href":"https:\/\/parafiabesko.pl\/index.php?rest_route=\/wp\/v2\/types\/post"}],"author":[{"embeddable":true,"href":"https:\/\/parafiabesko.pl\/index.php?rest_route=\/wp\/v2\/users\/1"}],"replies":[{"embeddable":true,"href":"https:\/\/parafiabesko.pl\/index.php?rest_route=%2Fwp%2Fv2%2Fcomments&post=10847"}],"version-history":[{"count":0,"href":"https:\/\/parafiabesko.pl\/index.php?rest_route=\/wp\/v2\/posts\/10847\/revisions"}],"wp:attachment":[{"href":"https:\/\/parafiabesko.pl\/index.php?rest_route=%2Fwp%2Fv2%2Fmedia&parent=10847"}],"wp:term":[{"taxonomy":"category","embeddable":true,"href":"https:\/\/parafiabesko.pl\/index.php?rest_route=%2Fwp%2Fv2%2Fcategories&post=10847"},{"taxonomy":"post_tag","embeddable":true,"href":"https:\/\/parafiabesko.pl\/index.php?rest_route=%2Fwp%2Fv2%2Ftags&post=10847"}],"curies":[{"name":"wp","href":"https:\/\/api.w.org\/{rel}","templated":true}]}}