{"id":10845,"date":"2024-12-14T19:28:57","date_gmt":"2024-12-14T19:28:57","guid":{"rendered":"https:\/\/parafiabesko.pl\/?p=10845"},"modified":"2024-12-14T19:28:57","modified_gmt":"2024-12-14T19:28:57","slug":"intencje-mszalne-16-22-122024r","status":"publish","type":"post","link":"https:\/\/parafiabesko.pl\/?p=10845","title":{"rendered":"Intencje mszalne 16-22.122024r."},"content":{"rendered":"<table>\n<tbody>\n<tr>\n<td width=\"166\"><strong>Poniedzia\u0142ek<\/strong><\/p>\n<p><strong>16.12.2024r.<\/strong><\/p>\n<p>&nbsp;<\/td>\n<td width=\"71\"><strong>7.00<\/strong><\/td>\n<td width=\"457\">1. +Maria \/6 r. \u015bm.\/, J\u00f3zef Szmyd<\/p>\n<p>2. +Bronis\u0142aw\u0119 Mermer of. wnuk z rodzin\u0105<\/p>\n<p>3. +Zofia Szajna z domu Zawojska of. bratowa Kazimiera z rodzin\u0105<\/p>\n<p>&nbsp;<\/td>\n<\/tr>\n<tr>\n<td width=\"166\"><strong>Wtorek<\/strong><\/p>\n<p><strong>17.12.2024r.<\/strong><\/p>\n<p>&nbsp;<\/td>\n<td width=\"71\"><strong>7.00<\/strong><\/td>\n<td width=\"457\">1. +J\u00f3zef Kwiatkowski of. syn Stanis\u0142aw z rodzin\u0105<\/p>\n<p>2. +El\u017cbieta Od\u00f3j of. Joanna, Maciej Bury<\/p>\n<p>3. +Zofia Zawojska of. chrze\u015bniak Daniel<\/p>\n<p>&nbsp;<\/td>\n<\/tr>\n<tr>\n<td width=\"166\"><strong>\u015aroda<\/strong><\/p>\n<p><strong>18.12.2024r.<\/strong><\/p>\n<p><strong>\u00a0<\/strong><\/p>\n<p><strong>\u00a0<\/strong><\/td>\n<td width=\"71\"><strong>7.00<\/strong><\/td>\n<td width=\"457\">1. +Jerzy Szajna of. Patrycja<\/p>\n<p>2. +El\u017cbieta Od\u00f3j of. Ma\u0142gorzata Rodzinka<\/p>\n<p>3. +Eugeniusz Mermer i zmarli rodzice z odu stro<\/td>\n<\/tr>\n<tr>\n<td width=\"166\"><strong>Czwartek<\/strong><\/p>\n<p><strong>19.12.2024r.<\/strong><\/p>\n<p><strong>\u00a0<\/strong><\/p>\n<p>&nbsp;<\/td>\n<td width=\"71\"><strong>7.00<\/strong><\/td>\n<td width=\"457\">1. +Joanna Ja\u015blar \/2 r. \u015bm.\/<\/p>\n<p>2. \u2013Dzi\u0119kczynna w 90-te urodziny Kazimierza z pro\u015bb\u0105 o potrzebne \u0142aski<\/p>\n<p>3. +Janin\u0119 Kwocza\u0142a of. Andrzej i Sabina<\/p>\n<p>&nbsp;<\/td>\n<\/tr>\n<tr>\n<td width=\"166\"><strong>Pi\u0105tek<\/strong><\/p>\n<p><strong>20.12.2024r.<\/strong><\/p>\n<p>&nbsp;<\/td>\n<td width=\"71\"><strong>7.00<\/strong><\/td>\n<td width=\"457\">1. +Daniel\u0119 \/24 r. \u015bm.\/, J\u00f3zef Urban<\/p>\n<p>2. +Stanis\u0142aw \u015aliwa of. \u017cona<\/p>\n<p>3. \u2013Dzi\u0119kczynna w 90-te urodziny Stanis\u0142awy z pro\u015bb\u0105 o potrzebne \u0142aski<\/p>\n<p>&nbsp;<\/td>\n<\/tr>\n<tr>\n<td width=\"166\"><strong>Sobota<\/strong><\/p>\n<p><strong>21.12.2024r.<\/strong><\/p>\n<p>&nbsp;<\/td>\n<td width=\"71\"><strong>7.00<\/strong><\/td>\n<td width=\"457\">1. +Zofia, Tadeusz Wr\u00f3bel<\/p>\n<p>2. +Wojciech Florian of. GOK w Besku<\/p>\n<p>3. +Stanis\u0142aw \u015aliwa of. c\u00f3rka z rodzin\u0105<\/p>\n<p>&nbsp;<\/td>\n<\/tr>\n<tr>\n<td rowspan=\"4\" width=\"166\"><strong>Niedziela<\/strong><\/p>\n<p><strong>22.12.2024r.<\/strong><\/p>\n<p>&nbsp;<\/td>\n<td width=\"71\"><strong>6.30<\/strong><\/td>\n<td width=\"457\">+Boles\u0142aw Szybka<\/td>\n<\/tr>\n<tr>\n<td width=\"71\"><strong>9.15<\/strong><\/td>\n<td width=\"457\">+Szczepan Czech of. \u017cona z dzie\u0107mi i babcia Lucyna<\/td>\n<\/tr>\n<tr>\n<td width=\"71\"><strong>11.00<\/strong><\/td>\n<td width=\"457\"><strong>Za Parafian<\/strong><\/td>\n<\/tr>\n<tr>\n<td width=\"71\"><strong>16.30<\/strong><\/td>\n<td width=\"457\">+Za zmar\u0142ych z rodziny Kornasiewicz i Czapli\u0144skich<\/td>\n<\/tr>\n<\/tbody>\n<\/table>\n","protected":false},"excerpt":{"rendered":"<p>Poniedzia\u0142ek 16.12.2024r. &nbsp; 7.00 1. +Maria \/6 r. \u015bm.\/, J\u00f3zef Szmyd 2. +Bronis\u0142aw\u0119 Mermer of. wnuk z rodzin\u0105 3. +Zofia Szajna z domu Zawojska of. bratowa Kazimiera z rodzin\u0105 &nbsp; Wtorek 17.12.2024r. &nbsp; 7.00 1. +J\u00f3zef Kwiatkowski of. syn Stanis\u0142aw z rodzin\u0105 2. +El\u017cbieta Od\u00f3j of. Joanna, Maciej Bury 3.<span class=\"more-link\"><a href=\"https:\/\/parafiabesko.pl\/?p=10845\">Czytaj wi\u0119cej<\/a><\/span><\/p>\n","protected":false},"author":1,"featured_media":0,"comment_status":"closed","ping_status":"open","sticky":false,"template":"","format":"standard","meta":{"footnotes":""},"categories":[4],"tags":[],"class_list":["entry","author-adminparafiibesko","post-10845","post","type-post","status-publish","format-standard","category-intencje-mszalne"],"_links":{"self":[{"href":"https:\/\/parafiabesko.pl\/index.php?rest_route=\/wp\/v2\/posts\/10845","targetHints":{"allow":["GET"]}}],"collection":[{"href":"https:\/\/parafiabesko.pl\/index.php?rest_route=\/wp\/v2\/posts"}],"about":[{"href":"https:\/\/parafiabesko.pl\/index.php?rest_route=\/wp\/v2\/types\/post"}],"author":[{"embeddable":true,"href":"https:\/\/parafiabesko.pl\/index.php?rest_route=\/wp\/v2\/users\/1"}],"replies":[{"embeddable":true,"href":"https:\/\/parafiabesko.pl\/index.php?rest_route=%2Fwp%2Fv2%2Fcomments&post=10845"}],"version-history":[{"count":0,"href":"https:\/\/parafiabesko.pl\/index.php?rest_route=\/wp\/v2\/posts\/10845\/revisions"}],"wp:attachment":[{"href":"https:\/\/parafiabesko.pl\/index.php?rest_route=%2Fwp%2Fv2%2Fmedia&parent=10845"}],"wp:term":[{"taxonomy":"category","embeddable":true,"href":"https:\/\/parafiabesko.pl\/index.php?rest_route=%2Fwp%2Fv2%2Fcategories&post=10845"},{"taxonomy":"post_tag","embeddable":true,"href":"https:\/\/parafiabesko.pl\/index.php?rest_route=%2Fwp%2Fv2%2Ftags&post=10845"}],"curies":[{"name":"wp","href":"https:\/\/api.w.org\/{rel}","templated":true}]}}