{"id":1084,"date":"2013-08-03T19:13:04","date_gmt":"2013-08-03T19:13:04","guid":{"rendered":"http:\/\/parafiabesko.pl\/?p=1084"},"modified":"2013-08-03T19:13:04","modified_gmt":"2013-08-03T19:13:04","slug":"intencje-mszalne-5-08-11-08-2013","status":"publish","type":"post","link":"https:\/\/parafiabesko.pl\/?p=1084","title":{"rendered":"Intencje mszalne 5.08-11.08.2013"},"content":{"rendered":"<p>\n\tW najbli\u017cszym tygodniu zostan\u0105 odprawione nast\u0119puj\u0105ce intencje mszalne:\n<\/p>\n<p>\n\t<!--more-->\n<\/p>\n<table border=\"1\" cellpadding=\"1\" cellspacing=\"1\" style=\"width: 500px;\">\n<tbody>\n<tr>\n<td style=\"text-align: center;\">\n\t\t\t\t<strong>Dzie\u0144 tygodnia<\/strong>\n\t\t\t<\/td>\n<td style=\"text-align: center;\">\n\t\t\t\t<strong>godzina<\/strong>\n\t\t\t<\/td>\n<td style=\"text-align: center;\">\n\t\t\t\t<strong>Intencja<\/strong>\n\t\t\t<\/td>\n<\/tr>\n<tr>\n<td colspan=\"1\" rowspan=\"2\">\n\t\t\t\tPoniedzia\u0142ek\n\t\t\t<\/td>\n<td>\n\t\t\t\t7.00\n\t\t\t<\/td>\n<td>\n\t\t\t\tDzi\u0119kczynna w 40r. \u015blubu Heleny i Tadeusza\n\t\t\t<\/td>\n<\/tr>\n<tr>\n<td>\n\t\t\t\t18.00\n\t\t\t<\/td>\n<td>\n\t\t\t\t+Bogumi\u0142a Kocha\u0144ska\n\t\t\t<\/td>\n<\/tr>\n<tr>\n<td colspan=\"1\" rowspan=\"2\">\n\t\t\t\tWtorek\n\t\t\t<\/td>\n<td>\n\t\t\t\t7.00\n\t\t\t<\/td>\n<td>\n\t\t\t\t+Stanis\u0142awa i Henryk Mularczyk i +Julia i Jan Tutak\n\t\t\t<\/td>\n<\/tr>\n<tr>\n<td>\n\t\t\t\t18.00\n\t\t\t<\/td>\n<td>\n\t\t\t\t+Stanis\u0142aw Sza\u0142ankiewicz (of. \u017cona z dzie\u0107mi)\n\t\t\t<\/td>\n<\/tr>\n<tr>\n<td colspan=\"1\" rowspan=\"2\">\n\t\t\t\t\u015aroda\n\t\t\t<\/td>\n<td>\n\t\t\t\t7.00\n\t\t\t<\/td>\n<td>\n\t\t\t\t+Aniela i Franciszek Chyna\u0142\n\t\t\t<\/td>\n<\/tr>\n<tr>\n<td>\n\t\t\t\t18.00\n\t\t\t<\/td>\n<td>\n\t\t\t\t+Stanis\u0142aw Sza\u0142ankiewicz (of. ch&oacute;r parafialny)\n\t\t\t<\/td>\n<\/tr>\n<tr>\n<td colspan=\"1\" rowspan=\"2\">\n\t\t\t\tCzwartek\n\t\t\t<\/td>\n<td>\n\t\t\t\t7.00\n\t\t\t<\/td>\n<td>\n\t\t\t\t+Aniela i Franciszek Chyna\u0142\n\t\t\t<\/td>\n<\/tr>\n<tr>\n<td>\n\t\t\t\t18.00\n\t\t\t<\/td>\n<td>\n\t\t\t\t+Stanis\u0142aw Sza\u0142ankiewicz (of.chrzestna)\n\t\t\t<\/td>\n<\/tr>\n<tr>\n<td colspan=\"1\" rowspan=\"2\">\n\t\t\t\tPi\u0105tek\n\t\t\t<\/td>\n<td>\n\t\t\t\t7.00\n\t\t\t<\/td>\n<td>\n\t\t\t\t+Maria Betlej\n\t\t\t<\/td>\n<\/tr>\n<tr>\n<td>\n\t\t\t\t18.00\n\t\t\t<\/td>\n<td>\n\t\t\t\t+Jan \u017b&oacute;\u0142kiewicz\n\t\t\t<\/td>\n<\/tr>\n<tr>\n<td colspan=\"1\" rowspan=\"2\">\n\t\t\t\tSobota\n\t\t\t<\/td>\n<td>\n\t\t\t\t7.00\n\t\t\t<\/td>\n<td>\n\t\t\t\t+Maria Ziemia\u0144ska\n\t\t\t<\/td>\n<\/tr>\n<tr>\n<td>\n\t\t\t\t18.00\n\t\t\t<\/td>\n<td>\n\t\t\t\t+Helena Zubik\n\t\t\t<\/td>\n<\/tr>\n<tr>\n<td colspan=\"1\" rowspan=\"4\">\n\t\t\t\tNiedziela\n\t\t\t<\/td>\n<td>\n\t\t\t\t7.30\n\t\t\t<\/td>\n<td>\n\t\t\t\t+Zofia Mularczyk w 16r.\u015bm.\n\t\t\t<\/td>\n<\/tr>\n<tr>\n<td>\n\t\t\t\t9.15\n\t\t\t<\/td>\n<td>\n\t\t\t\t+Maria Ziemia\u0144ska\n\t\t\t<\/td>\n<\/tr>\n<tr>\n<td>\n\t\t\t\t11.00\n\t\t\t<\/td>\n<td>\n\t\t\t\tW intencji parafian\n\t\t\t<\/td>\n<\/tr>\n<tr>\n<td>\n\t\t\t\t16.30\n\t\t\t<\/td>\n<td>\n\t\t\t\t+Mieczys\u0142aw Kornasiewicz w 6r.\u015bm, +Andrzej i zmar\u0142ych z rodzic&oacute;w i dziadk&oacute;w\n\t\t\t<\/td>\n<\/tr>\n<\/tbody>\n<\/table>\n<p>\n\t&nbsp;<\/p>\n","protected":false},"excerpt":{"rendered":"<p>W najbli\u017cszym tygodniu zostan\u0105 odprawione nast\u0119puj\u0105ce intencje mszalne:<span class=\"more-link\"><a href=\"https:\/\/parafiabesko.pl\/?p=1084\">Czytaj wi\u0119cej<\/a><\/span><\/p>\n","protected":false},"author":1,"featured_media":1055,"comment_status":"closed","ping_status":"open","sticky":false,"template":"","format":"standard","meta":{"footnotes":""},"categories":[7],"tags":[],"class_list":["entry","author-adminparafiibesko","has-more-link","post-1084","post","type-post","status-publish","format-standard","has-post-thumbnail","category-ogloszenia-parafialne"],"_links":{"self":[{"href":"https:\/\/parafiabesko.pl\/index.php?rest_route=\/wp\/v2\/posts\/1084","targetHints":{"allow":["GET"]}}],"collection":[{"href":"https:\/\/parafiabesko.pl\/index.php?rest_route=\/wp\/v2\/posts"}],"about":[{"href":"https:\/\/parafiabesko.pl\/index.php?rest_route=\/wp\/v2\/types\/post"}],"author":[{"embeddable":true,"href":"https:\/\/parafiabesko.pl\/index.php?rest_route=\/wp\/v2\/users\/1"}],"replies":[{"embeddable":true,"href":"https:\/\/parafiabesko.pl\/index.php?rest_route=%2Fwp%2Fv2%2Fcomments&post=1084"}],"version-history":[{"count":0,"href":"https:\/\/parafiabesko.pl\/index.php?rest_route=\/wp\/v2\/posts\/1084\/revisions"}],"wp:featuredmedia":[{"embeddable":true,"href":"https:\/\/parafiabesko.pl\/index.php?rest_route=\/"}],"wp:attachment":[{"href":"https:\/\/parafiabesko.pl\/index.php?rest_route=%2Fwp%2Fv2%2Fmedia&parent=1084"}],"wp:term":[{"taxonomy":"category","embeddable":true,"href":"https:\/\/parafiabesko.pl\/index.php?rest_route=%2Fwp%2Fv2%2Fcategories&post=1084"},{"taxonomy":"post_tag","embeddable":true,"href":"https:\/\/parafiabesko.pl\/index.php?rest_route=%2Fwp%2Fv2%2Ftags&post=1084"}],"curies":[{"name":"wp","href":"https:\/\/api.w.org\/{rel}","templated":true}]}}