{"id":10826,"date":"2024-12-08T13:27:27","date_gmt":"2024-12-08T13:27:27","guid":{"rendered":"https:\/\/parafiabesko.pl\/?p=10826"},"modified":"2024-12-08T13:27:27","modified_gmt":"2024-12-08T13:27:27","slug":"ogloszenia-parafialne-2-niedziela-adwentu-8-12-2024r","status":"publish","type":"post","link":"https:\/\/parafiabesko.pl\/?p=10826","title":{"rendered":"Og\u0142oszenia parafialne 2 Niedziela Adwentu 8.12.2024r."},"content":{"rendered":"<h3>Po Mszach \u015bw. w zakrystii pan ko\u015bcielny zapisuje chorych do odwiedzin w domach. Chorych b\u0119dziemy odwiedza\u0107 udzielaj\u0105c sakramentu spowiedzi, komunii \u015bwi\u0119tej i je\u017celi trzeba wiatyku <strong>w najbli\u017csz\u0105 sobot\u0119 od godz. 8.00.<\/strong><\/h3>\n<h3>W zakrystii pan ko\u015bcielny rozprowadza \u015bwiece Caritas <strong>Wigilijne Dzie\u0142o Pomocy Dzieciom<\/strong> na wigilijny st\u00f3\u0142. Ofiara za \u015bwiec\u0119 to r\u00f3wnowarto\u015b\u0107 jednego obiadu dla biednego dziecka \u2013 co najmniej 10 z\u0142.<\/h3>\n<h3>Dzisiaj 8\u00a0grudnia, przypada <strong>Dzie\u0144 modlitwy i\u00a0pomocy Ko\u015bcio\u0142owi na Wschodzie.<\/strong> Zbi\u00f3rka ta, jest realizacj\u0105 uchwa\u0142y Konferencji Episkopatu \u201eBaz\u0119 finansow\u0105 Zespo\u0142u, stanowi zbi\u00f3rka do puszek w drug\u0105 niedziel\u0119\u00a0Adwentu oraz ofiary i darowizny przeznaczone na pomoc Ko\u015bcio\u0142owi na\u00a0Wschodzie\u201d. W imieniu kap\u0142an\u00f3w, si\u00f3str i braci zakonnych oraz wolontariuszy\u00a0\u015bwieckich, pos\u0142uguj\u0105cych aktualnie na wschodzie a tak\u017ce wiernych, sk\u0142adamy\u00a0serdeczne podzi\u0119kowanie za wszelk\u0105 pomoc i modlitw\u0119. Pragniemy zapewni\u0107,\u00a0\u017ce wierni tworz\u0105cy Ko\u015bci\u00f3\u0142 Katolicki na Wschodzie, gorliwie modl\u0105 si\u0119 za\u00a0ofiarodawc\u00f3w w duchu wdzi\u0119czno\u015bci za przekazane ofiar. Pami\u0119tajmy o\u00a0naszych siostrach i\u00a0braciach, kt\u00f3rym przysz\u0142o \u017cy\u0107 w\u00a0trudniejszych od nas okoliczno\u015bciach \u2013 apeluje Zesp\u00f3\u0142 Pomocy Ko\u015bcio\u0142owi na Wschodzie przy Konferencji Episkopatu Polski kt\u00f3ry niesie pomoc ju\u017c od ponad 25 lat. Po Mszach \u015bwi\u0119tych zbi\u00f3rka do puszki na pomoc Ko\u015bcio\u0142owi na Wschodzie.<\/h3>\n<h3>Roraty w dni powszednie o godzinie 16.20 Koronka do Bo\u017cego Mi\u0142osierdzia z intencj\u0105 dnia \u2013 bez rozwa\u017ca\u0144, o godz. 16.35 Godzinki i godz.17.00 procesja dzieci z lampionami i roratnia Msza \u015bw.<\/h3>\n<h3>Spowied\u017a \u015bwi\u0119ta przed \u015bwi\u0119tami Bo\u017cego Narodzenia w naszej Parafii Besko b\u0119dzie w pi\u0105tek 20 grudnia.<\/h3>\n<h3><strong>\u00a0<\/strong>Dzisiaj po wieczornej Mszy \u015bw. spotkanie Akcji Katolickiej.<\/h3>\n","protected":false},"excerpt":{"rendered":"<p>Po Mszach \u015bw. w zakrystii pan ko\u015bcielny zapisuje chorych do odwiedzin w domach. Chorych b\u0119dziemy odwiedza\u0107 udzielaj\u0105c sakramentu spowiedzi, komunii \u015bwi\u0119tej i je\u017celi trzeba wiatyku w najbli\u017csz\u0105 sobot\u0119 od godz. 8.00. W zakrystii pan ko\u015bcielny rozprowadza \u015bwiece Caritas Wigilijne Dzie\u0142o Pomocy Dzieciom na wigilijny st\u00f3\u0142. Ofiara za \u015bwiec\u0119 to r\u00f3wnowarto\u015b\u0107<span class=\"more-link\"><a href=\"https:\/\/parafiabesko.pl\/?p=10826\">Czytaj wi\u0119cej<\/a><\/span><\/p>\n","protected":false},"author":1,"featured_media":0,"comment_status":"closed","ping_status":"open","sticky":false,"template":"","format":"standard","meta":{"footnotes":""},"categories":[7],"tags":[],"class_list":["entry","author-adminparafiibesko","post-10826","post","type-post","status-publish","format-standard","category-ogloszenia-parafialne"],"_links":{"self":[{"href":"https:\/\/parafiabesko.pl\/index.php?rest_route=\/wp\/v2\/posts\/10826","targetHints":{"allow":["GET"]}}],"collection":[{"href":"https:\/\/parafiabesko.pl\/index.php?rest_route=\/wp\/v2\/posts"}],"about":[{"href":"https:\/\/parafiabesko.pl\/index.php?rest_route=\/wp\/v2\/types\/post"}],"author":[{"embeddable":true,"href":"https:\/\/parafiabesko.pl\/index.php?rest_route=\/wp\/v2\/users\/1"}],"replies":[{"embeddable":true,"href":"https:\/\/parafiabesko.pl\/index.php?rest_route=%2Fwp%2Fv2%2Fcomments&post=10826"}],"version-history":[{"count":0,"href":"https:\/\/parafiabesko.pl\/index.php?rest_route=\/wp\/v2\/posts\/10826\/revisions"}],"wp:attachment":[{"href":"https:\/\/parafiabesko.pl\/index.php?rest_route=%2Fwp%2Fv2%2Fmedia&parent=10826"}],"wp:term":[{"taxonomy":"category","embeddable":true,"href":"https:\/\/parafiabesko.pl\/index.php?rest_route=%2Fwp%2Fv2%2Fcategories&post=10826"},{"taxonomy":"post_tag","embeddable":true,"href":"https:\/\/parafiabesko.pl\/index.php?rest_route=%2Fwp%2Fv2%2Ftags&post=10826"}],"curies":[{"name":"wp","href":"https:\/\/api.w.org\/{rel}","templated":true}]}}