{"id":10824,"date":"2024-12-08T13:25:21","date_gmt":"2024-12-08T13:25:21","guid":{"rendered":"https:\/\/parafiabesko.pl\/?p=10824"},"modified":"2024-12-08T13:25:21","modified_gmt":"2024-12-08T13:25:21","slug":"intencje-mszalne-2-9-15-12-2024r","status":"publish","type":"post","link":"https:\/\/parafiabesko.pl\/?p=10824","title":{"rendered":"Intencje mszalne 9-15.12.2024r."},"content":{"rendered":"<table>\n<tbody>\n<tr>\n<td rowspan=\"2\" width=\"166\"><strong>Poniedzia\u0142ek<\/strong><\/p>\n<p><strong>9.12.2024r.<\/strong><\/p>\n<p>&nbsp;<\/td>\n<td width=\"71\"><strong>7.00<\/strong><\/td>\n<td width=\"457\">+Maria D\u0105browska \/1 r. \u015bm.\/, Stanis\u0142aw<\/td>\n<\/tr>\n<tr>\n<td width=\"71\"><strong>17.00<\/strong><\/td>\n<td width=\"457\">1. +Andrzej Sitek of wnukowie Kornelia i Karol<\/p>\n<p>2. +J\u00f3zef Kwiatkowski of. r\u00f3\u017ca o. Pio<\/td>\n<\/tr>\n<tr>\n<td rowspan=\"2\" width=\"166\"><strong>Wtorek<\/strong><\/p>\n<p><strong>10.12.2024r.<\/strong><\/p>\n<p>&nbsp;<\/td>\n<td width=\"71\"><strong>7.00<\/strong><\/td>\n<td width=\"457\">+Andrzej Sitek<\/td>\n<\/tr>\n<tr>\n<td width=\"71\"><strong>17.00<\/strong><\/td>\n<td width=\"457\">1. +Jacek, Irena \u015aliwka<\/p>\n<p>2. +Marian Sza\u0142ankiewicz of. r\u00f3\u017ca o. Pio<\/td>\n<\/tr>\n<tr>\n<td rowspan=\"2\" width=\"166\"><strong>\u015aroda<\/strong><\/p>\n<p><strong>11.12.2024r.<\/strong><\/p>\n<p><strong>\u00a0<\/strong><\/p>\n<p><strong>\u00a0<\/strong><\/td>\n<td width=\"71\"><strong>7.00<\/strong><\/td>\n<td width=\"457\">+Alojzy, Eugenia Mroczkowscy<\/td>\n<\/tr>\n<tr>\n<td width=\"71\"><strong>17.00<\/strong><\/td>\n<td width=\"457\">1. +Za dusze w czyjscu cierpi\u0105ce<\/p>\n<p>2. +Stanis\u0142aw Pola\u0144ski i zm. z rodziny<\/td>\n<\/tr>\n<tr>\n<td rowspan=\"2\" width=\"166\"><strong>Czwartek<\/strong><\/p>\n<p><strong>12.12.2024r.<\/strong><\/p>\n<p><strong>\u00a0<\/strong><\/p>\n<p>&nbsp;<\/td>\n<td width=\"71\"><strong>7.00<\/strong><\/td>\n<td width=\"457\">+Jerzy Szajna of. siostra Ma\u0142gorzata z m\u0119\u017cem<\/td>\n<\/tr>\n<tr>\n<td width=\"71\"><strong>17.00<\/strong><\/td>\n<td width=\"457\">1. +Tadeusz Kruczkiewicz \/6 r. \u015bm.\/<\/p>\n<p>2. +Zdzis\u0142aw Ziemia\u0144ski<\/td>\n<\/tr>\n<tr>\n<td rowspan=\"2\" width=\"166\"><strong>Pi\u0105tek<\/strong><\/p>\n<p><strong>13.12.2024r.<\/strong><\/p>\n<p><strong>\u00a0<\/strong><\/p>\n<p>&nbsp;<\/td>\n<td width=\"71\"><strong>7.00<\/strong><\/td>\n<td width=\"457\">+Zofia, Grzegorz, Tomasz of. m\u0105\u017c i ojciec<\/td>\n<\/tr>\n<tr>\n<td width=\"71\"><strong>17.00<\/strong><\/td>\n<td width=\"457\">1. +Ks. Szczepan Semenowicz<\/p>\n<p>2. +Zdzis\u0142aw Rajter, Jerzy Szajna<\/td>\n<\/tr>\n<tr>\n<td rowspan=\"2\" width=\"166\"><strong>Sobota<\/strong><\/p>\n<p><strong>14.12.2024r.<\/strong><\/p>\n<p><strong>\u00a0<\/strong><\/p>\n<p>&nbsp;<\/td>\n<td width=\"71\"><strong>7.00<\/strong><\/td>\n<td width=\"457\">+Katarzyna, Miko\u0142aj i zm. z rodziny<\/td>\n<\/tr>\n<tr>\n<td width=\"71\"><strong>17.00<\/strong><\/td>\n<td width=\"457\">1.+Za dusze w czyjscu cierpi\u0105ce<\/p>\n<p>2. \u2013O zdrowie i b\u0142og. Bo\u017ce dla senior\u00f3w i pracownik\u00f3w Dziennego Domu<\/td>\n<\/tr>\n<tr>\n<td rowspan=\"4\" width=\"166\"><strong>Niedziela<\/strong><\/p>\n<p><strong>15.12.2024r.<\/strong><\/p>\n<p><strong>\u00a0<\/strong><\/p>\n<p>&nbsp;<\/td>\n<td width=\"71\"><strong>6.30<\/strong><\/td>\n<td width=\"457\">+Teodozja Suwa\u0142a of. synowie Janusz i Bogdan z rodzinami<\/td>\n<\/tr>\n<tr>\n<td width=\"71\"><strong>9.15<\/strong><\/td>\n<td width=\"457\">+Maria, Jan Czeka\u0144scy<\/td>\n<\/tr>\n<tr>\n<td width=\"71\"><strong>11.00<\/strong><\/td>\n<td width=\"457\"><strong>Za Parafian<\/strong><\/td>\n<\/tr>\n<tr>\n<td width=\"71\"><strong>16.30<\/strong><\/td>\n<td width=\"457\">+Zmarli rodzice Maria, Stanis\u0142aw Szyndler<\/td>\n<\/tr>\n<\/tbody>\n<\/table>\n","protected":false},"excerpt":{"rendered":"<p>Poniedzia\u0142ek 9.12.2024r. &nbsp; 7.00 +Maria D\u0105browska \/1 r. \u015bm.\/, Stanis\u0142aw 17.00 1. +Andrzej Sitek of wnukowie Kornelia i Karol 2. +J\u00f3zef Kwiatkowski of. r\u00f3\u017ca o. Pio Wtorek 10.12.2024r. &nbsp; 7.00 +Andrzej Sitek 17.00 1. +Jacek, Irena \u015aliwka 2. +Marian Sza\u0142ankiewicz of. r\u00f3\u017ca o. Pio \u015aroda 11.12.2024r. \u00a0 \u00a0 7.00 +Alojzy,<span class=\"more-link\"><a href=\"https:\/\/parafiabesko.pl\/?p=10824\">Czytaj wi\u0119cej<\/a><\/span><\/p>\n","protected":false},"author":1,"featured_media":0,"comment_status":"closed","ping_status":"open","sticky":false,"template":"","format":"standard","meta":{"footnotes":""},"categories":[4],"tags":[],"class_list":["entry","author-adminparafiibesko","post-10824","post","type-post","status-publish","format-standard","category-intencje-mszalne"],"_links":{"self":[{"href":"https:\/\/parafiabesko.pl\/index.php?rest_route=\/wp\/v2\/posts\/10824","targetHints":{"allow":["GET"]}}],"collection":[{"href":"https:\/\/parafiabesko.pl\/index.php?rest_route=\/wp\/v2\/posts"}],"about":[{"href":"https:\/\/parafiabesko.pl\/index.php?rest_route=\/wp\/v2\/types\/post"}],"author":[{"embeddable":true,"href":"https:\/\/parafiabesko.pl\/index.php?rest_route=\/wp\/v2\/users\/1"}],"replies":[{"embeddable":true,"href":"https:\/\/parafiabesko.pl\/index.php?rest_route=%2Fwp%2Fv2%2Fcomments&post=10824"}],"version-history":[{"count":0,"href":"https:\/\/parafiabesko.pl\/index.php?rest_route=\/wp\/v2\/posts\/10824\/revisions"}],"wp:attachment":[{"href":"https:\/\/parafiabesko.pl\/index.php?rest_route=%2Fwp%2Fv2%2Fmedia&parent=10824"}],"wp:term":[{"taxonomy":"category","embeddable":true,"href":"https:\/\/parafiabesko.pl\/index.php?rest_route=%2Fwp%2Fv2%2Fcategories&post=10824"},{"taxonomy":"post_tag","embeddable":true,"href":"https:\/\/parafiabesko.pl\/index.php?rest_route=%2Fwp%2Fv2%2Ftags&post=10824"}],"curies":[{"name":"wp","href":"https:\/\/api.w.org\/{rel}","templated":true}]}}