{"id":10819,"date":"2024-12-02T11:06:53","date_gmt":"2024-12-02T11:06:53","guid":{"rendered":"https:\/\/parafiabesko.pl\/?p=10819"},"modified":"2024-12-02T11:06:53","modified_gmt":"2024-12-02T11:06:53","slug":"ogloszenia-parafialne-1-niedziela-adwentu-1-12-2024r","status":"publish","type":"post","link":"https:\/\/parafiabesko.pl\/?p=10819","title":{"rendered":"Og\u0142oszenia parafialne 1 Niedziela Adwentu 1.12.2024r."},"content":{"rendered":"<h3>Dzi\u015b pocz\u0105tek Adwentu. Rozpoczyna si\u0119 nowy rok duszpasterski &#8211; Komisja Duszpasterstwa Konferencji Episkopatu Polski przygotowa\u0142a program duszpasterski podejmuj\u0105cy papieski zamys\u0142 i projekt Roku \u015awi\u0119tego 2025 +Pielgrzymi nadziei+\u201d.<\/h3>\n<h3>Dzisiaj <strong>Niedziela Adoracyjna<\/strong>, od godziny 12.00 do 16.00 prywatna adoracja rodzin naszej Parafii. O godzinie 16.00 nabo\u017ce\u0144stwo r\u00f3\u017ca\u0144cowe i zmiana tajemnic, adoruje r\u00f3\u017ca MB Nieustaj\u0105cej Pomocy.<\/h3>\n<h3>Dzisiejsza taca przeznaczona jest na Wy\u017csze Seminarium Duchowne w Przemy\u015blu.<\/h3>\n<h3><strong>\u00a0<\/strong>Roraty od jutra w dni powszednie o godz. 16.20 Koronka do Bo\u017cego Mi\u0142osierdzia z intencj\u0105 dnia, o godz. 16.35 Godzinki, o 17.00 procesja dzieci z lampionami i Msza \u015bw. roratnia Zapraszamy dzieci, m\u0142odzie\u017c, starszych na te nabo\u017ce\u0144stwa. Dla dzieci Parafia wzorem lat ubieg\u0142ych, przygotowa\u0142a pi\u0119kne plansze pod tytu\u0142em: <strong>ze \u015bw. Wincentym a Paulo \u2013 Droga sercem malowana &#8211; <\/strong>za udzia\u0142 w roratach dzieci b\u0119d\u0105 otrzymywa\u0107 pi\u0119kne serduszka z zadaniem adwentowym.<\/h3>\n<h3>\u00a0 Rada dla rodzic\u00f3w:\u00a0 wype\u0142niona plansza naklejkami to rado\u015b\u0107 dla waszego dziecka, kt\u00f3re czynnie i na modlitwie prze\u017cy\u0142o Adwent \u2013 czas radosnego oczekiwania na przyj\u015bcie Pana. Drodzy rodzice ma\u0142ych dzieci &#8211; przygotujcie dzieciom adwentowe lampiony i przyprowadzajcie je do \u015bwi\u0105tyni, aby rado\u015bnie prze\u017cy\u0142y ten czas.<\/h3>\n<h3>W przedsionku ko\u015bcio\u0142a pan ko\u015bcielny rozprowadza \u015bwiece Caritas <strong>Wigilijne Dzie\u0142o Pomocy Dzieciom<\/strong> na wigilijny st\u00f3\u0142. Ofiara za \u015bwiec\u0119 to r\u00f3wnowarto\u015b\u0107 jednego obiadu dla biednego dziecka \u2013 co najmniej 10 z\u0142.<\/h3>\n<h3>W tym tygodniu pan organista kontynuuje roznoszenie op\u0142atk\u00f3w w wyznaczonej cz\u0119\u015bci Parafii. U si\u00f3str zakonnych w op\u0142atki zaopatruje si\u0119 wyznaczona cz\u0119\u015b\u0107 Parafii. Przypominamy ze ofiary sk\u0142adane przy tej okazji to jest cz\u0119\u015b\u0107 wynagrodzenia za ca\u0142oroczn\u0105 prac\u0119 w naszym ko\u015bciele.<\/h3>\n<h3>W tym tygodniu wypada pierwszy czwartek miesi\u0105ca.<\/h3>\n<h3>Pierwszy pi\u0105tek miesi\u0105ca. Rano Msza \u015bw. i adoracja, adoruje r\u00f3\u017ca \u015bw. Marii Magdaleny prze\u0142o\u017cona Maria Rajter. Wieczorem roraty. Chorych w Besku w pierwszy pi\u0105tek nie b\u0119dziemy odwiedza\u0107, odwiedzimy przed \u015bwi\u0119tami. W Mymoniu i Por\u0119bach w pi\u0105tek o godz. 15.00 adoracja, spowied\u017a i Msza \u015bw.<\/h3>\n<h3>Pierwsza sobota miesi\u0105ca. Rano Msza \u015bw. i nabo\u017ce\u0144stwo do Matki Bo\u017cej, adoruje r\u00f3\u017ca \u015bw. Marty prze\u0142o\u017cona Maria Szyndler. Wieczorem roraty.<\/h3>\n<h3>W przysz\u0142\u0105 niedziel\u0119 przypada <strong>Dzie\u0144 modlitwy i\u00a0pomocy Ko\u015bcio\u0142owi na Wschodzie.<\/strong> Zbi\u00f3rka ta, jest realizacj\u0105 uchwa\u0142y Konferencji Episkopatu \u201eBaz\u0119 finansow\u0105 Zespo\u0142u, stanowi zbi\u00f3rka do puszek w drug\u0105 niedziel\u0119 Adwentu oraz ofiary i darowizny przeznaczone na pomoc Ko\u015bcio\u0142owi na Wschodzie\u201d. W imieniu kap\u0142an\u00f3w, si\u00f3str i braci zakonnych oraz wolontariuszy \u015bwieckich, pos\u0142uguj\u0105cych aktualnie na wschodzie a tak\u017ce wiernych, sk\u0142adamy serdeczne podzi\u0119kowanie za wszelk\u0105 pomoc i modlitw\u0119. Pragniemy zapewni\u0107, \u017ce wierni tworz\u0105cy Ko\u015bci\u00f3\u0142 Katolicki na Wschodzie, gorliwie modl\u0105 si\u0119 za ofiarodawc\u00f3w w duchu wdzi\u0119czno\u015bci za przekazane ofiary. Pami\u0119tajmy o naszych siostrach i braciach, kt\u00f3rym przychodzi \u017cy\u0107 w trudniejszych od nas okoliczno\u015bciach \u2013 apeluje Zesp\u00f3\u0142 Pomocy Ko\u015bcio\u0142owi na Wschodzie przy Konferencji Episkopatu Polski kt\u00f3ry\u00a0 niesie pomoc ju\u017c ponad 25 lat. <strong>W przysz\u0142\u0105 niedziel\u0119 po Mszach \u015bwi\u0119tych zbi\u00f3rka do puszki\u00a0 na pomoc Ko\u015bcio\u0142owi na Wschodzie.<\/strong><\/h3>\n<h3>W przysz\u0142\u0105 niedziel\u0119 na Msz\u0119 \u015bw. o godz. 9.15 zapraszamy rodzic\u00f3w i dzieci klasy trzeciej, przygotowuj\u0105ce si\u0119 do Pierwszej Spowiedzi i Komunii \u015bwi\u0119tej. Dzieci otrzymaj\u0105 po\u015bwi\u0119cone medaliki.<\/h3>\n","protected":false},"excerpt":{"rendered":"<p>Dzi\u015b pocz\u0105tek Adwentu. Rozpoczyna si\u0119 nowy rok duszpasterski &#8211; Komisja Duszpasterstwa Konferencji Episkopatu Polski przygotowa\u0142a program duszpasterski podejmuj\u0105cy papieski zamys\u0142 i projekt Roku \u015awi\u0119tego 2025 +Pielgrzymi nadziei+\u201d. Dzisiaj Niedziela Adoracyjna, od godziny 12.00 do 16.00 prywatna adoracja rodzin naszej Parafii. O godzinie 16.00 nabo\u017ce\u0144stwo r\u00f3\u017ca\u0144cowe i zmiana tajemnic, adoruje r\u00f3\u017ca<span class=\"more-link\"><a href=\"https:\/\/parafiabesko.pl\/?p=10819\">Czytaj wi\u0119cej<\/a><\/span><\/p>\n","protected":false},"author":1,"featured_media":0,"comment_status":"closed","ping_status":"open","sticky":false,"template":"","format":"standard","meta":{"footnotes":""},"categories":[7],"tags":[],"class_list":["entry","author-adminparafiibesko","post-10819","post","type-post","status-publish","format-standard","category-ogloszenia-parafialne"],"_links":{"self":[{"href":"https:\/\/parafiabesko.pl\/index.php?rest_route=\/wp\/v2\/posts\/10819","targetHints":{"allow":["GET"]}}],"collection":[{"href":"https:\/\/parafiabesko.pl\/index.php?rest_route=\/wp\/v2\/posts"}],"about":[{"href":"https:\/\/parafiabesko.pl\/index.php?rest_route=\/wp\/v2\/types\/post"}],"author":[{"embeddable":true,"href":"https:\/\/parafiabesko.pl\/index.php?rest_route=\/wp\/v2\/users\/1"}],"replies":[{"embeddable":true,"href":"https:\/\/parafiabesko.pl\/index.php?rest_route=%2Fwp%2Fv2%2Fcomments&post=10819"}],"version-history":[{"count":0,"href":"https:\/\/parafiabesko.pl\/index.php?rest_route=\/wp\/v2\/posts\/10819\/revisions"}],"wp:attachment":[{"href":"https:\/\/parafiabesko.pl\/index.php?rest_route=%2Fwp%2Fv2%2Fmedia&parent=10819"}],"wp:term":[{"taxonomy":"category","embeddable":true,"href":"https:\/\/parafiabesko.pl\/index.php?rest_route=%2Fwp%2Fv2%2Fcategories&post=10819"},{"taxonomy":"post_tag","embeddable":true,"href":"https:\/\/parafiabesko.pl\/index.php?rest_route=%2Fwp%2Fv2%2Ftags&post=10819"}],"curies":[{"name":"wp","href":"https:\/\/api.w.org\/{rel}","templated":true}]}}