{"id":10817,"date":"2024-12-02T11:03:00","date_gmt":"2024-12-02T11:03:00","guid":{"rendered":"https:\/\/parafiabesko.pl\/?p=10817"},"modified":"2024-12-02T11:03:00","modified_gmt":"2024-12-02T11:03:00","slug":"intencje-mszalne-2-8-12-2024r","status":"publish","type":"post","link":"https:\/\/parafiabesko.pl\/?p=10817","title":{"rendered":"Intencje mszalne 2-8.12.2024r."},"content":{"rendered":"<table>\n<tbody>\n<tr>\n<td rowspan=\"2\" width=\"166\"><strong>Poniedzia\u0142ek<\/strong><\/p>\n<p><strong>2.12.2024r.<\/strong><\/p>\n<p>&nbsp;<\/td>\n<td width=\"71\"><strong>7.00<\/strong><\/td>\n<td width=\"457\">+Zdzis\u0142awa Sudo\u0142 of. c\u00f3rka Renata<\/td>\n<\/tr>\n<tr>\n<td width=\"71\"><strong>17.00<\/strong><\/td>\n<td width=\"457\">1. +Wanda \/7 r. \u015bm.\/, Sylwester Jasi\u0144ski<\/p>\n<p>2. +Boles\u0142aw Szybka of. J\u00f3zef Folcik z rodzin\u0105<\/td>\n<\/tr>\n<tr>\n<td rowspan=\"2\" width=\"166\"><strong>Wtorek<\/strong><\/p>\n<p><strong>3.12.2024r.<\/strong><\/p>\n<p>&nbsp;<\/td>\n<td width=\"71\"><strong>7.00<\/strong><\/td>\n<td width=\"457\">+Jerzy Szajna of. brat Piotr z rodzin\u0105<\/td>\n<\/tr>\n<tr>\n<td width=\"71\"><strong>17.00<\/strong><\/td>\n<td width=\"457\">1. +Maria, Wawrzyniec Miechnowicz i zm. z rodziny<\/p>\n<p>2. +Helena Tele\u017cy\u0144ska \/1 r. \u015bm.\/ i Gizela \/23 r. \u015bm.\/<\/td>\n<\/tr>\n<tr>\n<td rowspan=\"2\" width=\"166\"><strong>\u015aroda<\/strong><\/p>\n<p><strong>4.12.2024r.<\/strong><\/p>\n<p><strong>\u00a0<\/strong><\/td>\n<td width=\"71\"><strong>7.00<\/strong><\/td>\n<td width=\"457\">+Henryk Kiero\u0144ski of. s\u0105siedzi z ul. Bukowej<\/td>\n<\/tr>\n<tr>\n<td width=\"71\"><strong>17.00<\/strong><\/td>\n<td width=\"457\">1. +Edward Szczur of. siostra \u0141ucja<\/p>\n<p>2. +Helena, Piotr, Stanis\u0142aw Kielar i Maria Mermer<\/td>\n<\/tr>\n<tr>\n<td rowspan=\"2\" width=\"166\"><strong>Czwartek<\/strong><\/p>\n<p><strong>5.12.2024r.<\/strong><\/p>\n<p>&nbsp;<\/td>\n<td width=\"71\"><strong>7.00<\/strong><\/td>\n<td width=\"457\">+Tadeusz, Maria, Mieczys\u0142aw Pelczar<\/td>\n<\/tr>\n<tr>\n<td width=\"71\"><strong>17.00<\/strong><\/td>\n<td width=\"457\">1. +Agnieszka Matuszek<\/p>\n<p>2. +Henryk Kiero\u0144ski of. przyjaci\u00f3\u0142 z pracy c\u00f3rki Agnieszki<\/td>\n<\/tr>\n<tr>\n<td rowspan=\"2\" width=\"166\"><strong>Pi\u0105tek<\/strong><\/p>\n<p><strong>6.12.2024r.<\/strong><\/p>\n<p>&nbsp;<\/td>\n<td width=\"71\"><strong>7.00<\/strong><\/td>\n<td width=\"457\">+Beata, Dezyderiusz, Edward<\/td>\n<\/tr>\n<tr>\n<td width=\"71\"><strong>17.00<\/strong><\/td>\n<td width=\"457\">+Irena, Stanis\u0142aw Bana\u015b of. synowa<\/td>\n<\/tr>\n<tr>\n<td rowspan=\"2\" width=\"166\"><strong>Sobota<\/strong><\/p>\n<p><strong>7.12.2024r.<\/strong><\/p>\n<p>&nbsp;<\/td>\n<td width=\"71\"><strong>7.00<\/strong><\/td>\n<td width=\"457\">+Maria, Stanis\u0142aw Bogusz<\/td>\n<\/tr>\n<tr>\n<td width=\"71\"><strong>17.00<\/strong><\/td>\n<td width=\"457\">1. +Stanis\u0142aw Mermer i zm. z rodziny<\/p>\n<p>2. +Leon Burczyk \/5 r. \u015bm.\/<\/td>\n<\/tr>\n<tr>\n<td rowspan=\"4\" width=\"166\"><strong>Niedziela<\/strong><\/p>\n<p><strong>8.12.2024r.<\/strong><\/p>\n<p>&nbsp;<\/td>\n<td width=\"71\"><strong>6.30<\/strong><\/td>\n<td width=\"457\">+Teodozja Suwa\u0142a of. syn Waldemar z rodzin\u0105<\/td>\n<\/tr>\n<tr>\n<td width=\"71\"><strong>9.15<\/strong><\/td>\n<td width=\"457\">+Wiktoria Kr\u0119\u017cel \/6 r. \u015bm.\/<\/td>\n<\/tr>\n<tr>\n<td width=\"71\"><strong>11.00<\/strong><\/td>\n<td width=\"457\"><strong>Za Parafian<\/strong><\/td>\n<\/tr>\n<tr>\n<td width=\"71\"><strong>16.30<\/strong><\/td>\n<td width=\"457\">+ Maria, Stanis\u0142aw Bogusz<\/td>\n<\/tr>\n<\/tbody>\n<\/table>\n","protected":false},"excerpt":{"rendered":"<p>Poniedzia\u0142ek 2.12.2024r. &nbsp; 7.00 +Zdzis\u0142awa Sudo\u0142 of. c\u00f3rka Renata 17.00 1. +Wanda \/7 r. \u015bm.\/, Sylwester Jasi\u0144ski 2. +Boles\u0142aw Szybka of. J\u00f3zef Folcik z rodzin\u0105 Wtorek 3.12.2024r. &nbsp; 7.00 +Jerzy Szajna of. brat Piotr z rodzin\u0105 17.00 1. +Maria, Wawrzyniec Miechnowicz i zm. z rodziny 2. +Helena Tele\u017cy\u0144ska \/1 r.<span class=\"more-link\"><a href=\"https:\/\/parafiabesko.pl\/?p=10817\">Czytaj wi\u0119cej<\/a><\/span><\/p>\n","protected":false},"author":1,"featured_media":0,"comment_status":"closed","ping_status":"open","sticky":false,"template":"","format":"standard","meta":{"footnotes":""},"categories":[4],"tags":[],"class_list":["entry","author-adminparafiibesko","post-10817","post","type-post","status-publish","format-standard","category-intencje-mszalne"],"_links":{"self":[{"href":"https:\/\/parafiabesko.pl\/index.php?rest_route=\/wp\/v2\/posts\/10817","targetHints":{"allow":["GET"]}}],"collection":[{"href":"https:\/\/parafiabesko.pl\/index.php?rest_route=\/wp\/v2\/posts"}],"about":[{"href":"https:\/\/parafiabesko.pl\/index.php?rest_route=\/wp\/v2\/types\/post"}],"author":[{"embeddable":true,"href":"https:\/\/parafiabesko.pl\/index.php?rest_route=\/wp\/v2\/users\/1"}],"replies":[{"embeddable":true,"href":"https:\/\/parafiabesko.pl\/index.php?rest_route=%2Fwp%2Fv2%2Fcomments&post=10817"}],"version-history":[{"count":0,"href":"https:\/\/parafiabesko.pl\/index.php?rest_route=\/wp\/v2\/posts\/10817\/revisions"}],"wp:attachment":[{"href":"https:\/\/parafiabesko.pl\/index.php?rest_route=%2Fwp%2Fv2%2Fmedia&parent=10817"}],"wp:term":[{"taxonomy":"category","embeddable":true,"href":"https:\/\/parafiabesko.pl\/index.php?rest_route=%2Fwp%2Fv2%2Fcategories&post=10817"},{"taxonomy":"post_tag","embeddable":true,"href":"https:\/\/parafiabesko.pl\/index.php?rest_route=%2Fwp%2Fv2%2Ftags&post=10817"}],"curies":[{"name":"wp","href":"https:\/\/api.w.org\/{rel}","templated":true}]}}