{"id":10799,"date":"2024-11-24T13:48:51","date_gmt":"2024-11-24T13:48:51","guid":{"rendered":"https:\/\/parafiabesko.pl\/?p=10799"},"modified":"2024-11-24T13:48:51","modified_gmt":"2024-11-24T13:48:51","slug":"ogloszenia-parafialne-uroczystosc-chrystusa-krola-24-11-2024r","status":"publish","type":"post","link":"https:\/\/parafiabesko.pl\/?p=10799","title":{"rendered":"Og\u0142oszenia parafialne Uroczysto\u015b\u0107 Chrystusa Kr\u00f3la 24.11.2024r"},"content":{"rendered":"<h3>Dzisiaj <strong>Uroczysto\u015b\u0107 Chrystusa Kr\u00f3la<\/strong> \u2013 ostatnia niedziela roku liturgicznego. Po sumie wystawienie Naj\u015bwi\u0119tszego Sakramentu.<\/h3>\n<h3>Dzisiaj w kaplicy u si\u00f3str felicjanek adoracja Naj\u015bwi\u0119tszego Sakramentu od godziny 8.00 do 15.00. Siostry serdecznie zapraszaj\u0105 na wsp\u00f3ln\u0105 modlitw\u0119.<\/h3>\n<h3>Nabo\u017ce\u0144stwo wypominkowe codziennie po Mszy \u015bw. wieczorowej.<\/h3>\n<h3>W poniedzia\u0142ek o godz. 18.30 Msza \u015bw. dla m\u0119\u017cczyzn. Zapraszamy<\/h3>\n<h3>We wtorek po Mszy wieczorowej adoracja z katechez\u0105 o Eucharystii.<\/h3>\n<h3>W przysz\u0142\u0105 niedziel\u0119 rozpoczyna si\u0119 <strong>Adwent<\/strong>. W \u00a0Besku godz. 6.00 Godzinki po nich o 6.30 Msza \u015bw. Pozosta\u0142e Msze \u015bwi\u0119te: 9.15, 11.00 i 16.30. W ko\u015bcio\u0142ach filialnych: Mymo\u0144 8.30, Por\u0119by 10.00.<\/h3>\n<h3>W przysz\u0142\u0105 niedziel\u0119 \u2013 <strong>Niedziela Adoracyjna<\/strong>, od godziny 12.00 do 16.00 prywatna adoracja rodzin naszej Parafii. O godzinie 16.00 nabo\u017ce\u0144stwo r\u00f3\u017ca\u0144cowe i zmiana tajemnic, adoruje r\u00f3\u017ca \u015bw. Jadwigi Kr\u00f3lowej prze\u0142o\u017cona Ewa \u0106wi\u0105ka\u0142a.<\/h3>\n<h3>W pierwsz\u0105 niedziel\u0119 Adwentu, po raz kolejny rozpoczyna si\u0119 <strong>Wigilijne Dzie\u0142o Pomocy Dzieciom<\/strong> &#8211; najwi\u0119ksza og\u00f3lnopolska akcja Caritas. Rozprowadzamy w Parafii \u015bwiece z logo Caritas, kt\u00f3re &#8211; mamy nadziej\u0119 &#8211; znajd\u0105 swoje miejsce na wielu wigilijnych sto\u0142ach. Ich p\u0142omie\u0144 jest znakiem solidarno\u015bci z najbardziej potrzebuj\u0105cymi dzie\u0107mi w Polsce i na \u015bwiecie. Po Mszach \u015bwi\u0119tych mo\u017cna naby\u0107 \u015bwiec\u0119 \u201eWigilijne Dzie\u0142o Pomocy Dzieciom\u201d. W przedsionku ko\u015bcio\u0142a pan ko\u015bcielny rozprowadza \u015bwiece Caritas na wigilijny st\u00f3\u0142. Ofiara za \u015bwiec\u0119 to r\u00f3wnowarto\u015b\u0107 jednego obiadu dla biednego dziecka \u2013 co najmniej 10 z\u0142.<\/h3>\n<h3>W tym tygodniu pan organista od 25 listopada, czyli od najbli\u017cszego poniedzia\u0142ku rozpoczyna roznoszenie op\u0142atk\u00f3w wigilijnych od dzielnicy Wola. U si\u00f3str zakonnych w op\u0142atki zaopatruje si\u0119 wyznaczona cz\u0119\u015b\u0107 Parafii. Przypominamy, ze ofiary sk\u0142adane przy tej okazji to jest cz\u0119\u015b\u0107 wynagrodzenia za ca\u0142oroczn\u0105 pos\u0142ug\u0119 w naszym ko\u015bciele.<\/h3>\n<h3>Dzisiaj po Mszach \u015bw. zbi\u00f3rka do puszki na wparcie Towarzystwa pomocy dzieciom chorym na raka.<\/h3>\n","protected":false},"excerpt":{"rendered":"<p>Dzisiaj Uroczysto\u015b\u0107 Chrystusa Kr\u00f3la \u2013 ostatnia niedziela roku liturgicznego. Po sumie wystawienie Naj\u015bwi\u0119tszego Sakramentu. Dzisiaj w kaplicy u si\u00f3str felicjanek adoracja Naj\u015bwi\u0119tszego Sakramentu od godziny 8.00 do 15.00. Siostry serdecznie zapraszaj\u0105 na wsp\u00f3ln\u0105 modlitw\u0119. Nabo\u017ce\u0144stwo wypominkowe codziennie po Mszy \u015bw. wieczorowej. W poniedzia\u0142ek o godz. 18.30 Msza \u015bw. dla m\u0119\u017cczyzn.<span class=\"more-link\"><a href=\"https:\/\/parafiabesko.pl\/?p=10799\">Czytaj wi\u0119cej<\/a><\/span><\/p>\n","protected":false},"author":1,"featured_media":0,"comment_status":"closed","ping_status":"open","sticky":false,"template":"","format":"standard","meta":{"footnotes":""},"categories":[7],"tags":[],"class_list":["entry","author-adminparafiibesko","post-10799","post","type-post","status-publish","format-standard","category-ogloszenia-parafialne"],"_links":{"self":[{"href":"https:\/\/parafiabesko.pl\/index.php?rest_route=\/wp\/v2\/posts\/10799","targetHints":{"allow":["GET"]}}],"collection":[{"href":"https:\/\/parafiabesko.pl\/index.php?rest_route=\/wp\/v2\/posts"}],"about":[{"href":"https:\/\/parafiabesko.pl\/index.php?rest_route=\/wp\/v2\/types\/post"}],"author":[{"embeddable":true,"href":"https:\/\/parafiabesko.pl\/index.php?rest_route=\/wp\/v2\/users\/1"}],"replies":[{"embeddable":true,"href":"https:\/\/parafiabesko.pl\/index.php?rest_route=%2Fwp%2Fv2%2Fcomments&post=10799"}],"version-history":[{"count":0,"href":"https:\/\/parafiabesko.pl\/index.php?rest_route=\/wp\/v2\/posts\/10799\/revisions"}],"wp:attachment":[{"href":"https:\/\/parafiabesko.pl\/index.php?rest_route=%2Fwp%2Fv2%2Fmedia&parent=10799"}],"wp:term":[{"taxonomy":"category","embeddable":true,"href":"https:\/\/parafiabesko.pl\/index.php?rest_route=%2Fwp%2Fv2%2Fcategories&post=10799"},{"taxonomy":"post_tag","embeddable":true,"href":"https:\/\/parafiabesko.pl\/index.php?rest_route=%2Fwp%2Fv2%2Ftags&post=10799"}],"curies":[{"name":"wp","href":"https:\/\/api.w.org\/{rel}","templated":true}]}}