{"id":10797,"date":"2024-11-24T13:40:33","date_gmt":"2024-11-24T13:40:33","guid":{"rendered":"https:\/\/parafiabesko.pl\/?p=10797"},"modified":"2024-11-24T13:40:33","modified_gmt":"2024-11-24T13:40:33","slug":"intencje-mszalne-25-11-1-12-2024r","status":"publish","type":"post","link":"https:\/\/parafiabesko.pl\/?p=10797","title":{"rendered":"Intencje mszalne 25.11.-1.12.2024r."},"content":{"rendered":"<table>\n<tbody>\n<tr>\n<td rowspan=\"2\" width=\"166\"><strong>Poniedzia\u0142ek<\/strong><\/p>\n<p><strong>25.11.2024r.<\/strong><\/p>\n<p>&nbsp;<\/td>\n<td width=\"71\"><strong>7.00<\/strong><\/td>\n<td width=\"457\">+Jerzy Szajna of. brat Robert<\/td>\n<\/tr>\n<tr>\n<td width=\"71\"><strong>17.00<\/strong><\/td>\n<td width=\"457\">1. +J\u00f3zef Kwiatkowski of. c\u00f3rka Agnieszka z rodzin\u0105<\/p>\n<p>2. +Ryszard, Eugeniusz, W\u0142adys\u0142aw Kowal<\/td>\n<\/tr>\n<tr>\n<td rowspan=\"2\" width=\"166\"><strong>Wtorek<\/strong><\/p>\n<p><strong>26.11.2024r.<\/strong><\/p>\n<p>&nbsp;<\/td>\n<td width=\"71\"><strong>7.00<\/strong><\/td>\n<td width=\"457\">+Henryk Kiero\u0144ski of. r\u00f3\u017ca \u015bw. Anny<\/td>\n<\/tr>\n<tr>\n<td width=\"71\"><strong>17.00<\/strong><\/td>\n<td width=\"457\">1. +J\u00f3zef Micha\u0142kiewicz of. rodzina Matuszek<\/p>\n<p>2. +Boles\u0142aw Szybka of. c\u00f3rka Ma\u0142gorzata<\/td>\n<\/tr>\n<tr>\n<td rowspan=\"2\" width=\"166\"><strong>\u015aroda<\/strong><\/p>\n<p><strong>27.11.2024r.<\/strong><\/td>\n<td width=\"71\"><strong>7.00<\/strong><\/td>\n<td width=\"457\">+Henryk Kiero\u0144ski of. Janina Kiero\u0144ska z rodzin\u0105<\/td>\n<\/tr>\n<tr>\n<td width=\"71\"><strong>17.00<\/strong><\/td>\n<td width=\"457\">1. +Boles\u0142aw Szybka of. s\u0105siedzi z ul. Starowiejskiej<\/p>\n<p>2. +Krystyna Pelczar \/7 r. \u015bm.\/<\/td>\n<\/tr>\n<tr>\n<td rowspan=\"2\" width=\"166\"><strong>Czwartek<\/strong><\/p>\n<p><strong>28.11.2024r.<\/strong><\/td>\n<td width=\"71\"><strong>7.00<\/strong><\/td>\n<td width=\"457\">-O b\u0142og. Bo\u017ce dla prawnuk\u00f3w Wiktora i Daniela W\u0119grzyn i Konrada<\/td>\n<\/tr>\n<tr>\n<td width=\"71\"><strong>17.00<\/strong><\/td>\n<td width=\"457\">1. +Janusz Wargocki \/13 r. \u015bm.\/<\/p>\n<p>2. +Zdzis\u0142aw Rajter i zm. z rodziny<\/td>\n<\/tr>\n<tr>\n<td rowspan=\"2\" width=\"166\"><strong>Pi\u0105tek<\/strong><\/p>\n<p><strong>29.11.2024r.<\/strong><\/td>\n<td width=\"71\"><strong>7.00<\/strong><\/td>\n<td width=\"457\">+J\u00f3zef Kwiatkowski of. s\u0105siedzi<\/td>\n<\/tr>\n<tr>\n<td width=\"71\"><strong>17.00<\/strong><\/td>\n<td width=\"457\">1. +Andrzej Sitek \/16 r. \u015bm.\/<\/p>\n<p>2. +Walerian Tele\u017cy\u0144ski of. synowie Tomasz i Mateusz \/poza Parafi\u0105\/<\/td>\n<\/tr>\n<tr>\n<td rowspan=\"2\" width=\"166\"><strong>Sobota<\/strong><\/p>\n<p><strong>30.11.2024r.<\/strong><\/td>\n<td width=\"71\"><strong>7.00<\/strong><\/td>\n<td width=\"457\">+Daniel Pelczar<\/td>\n<\/tr>\n<tr>\n<td width=\"71\"><strong>17.00<\/strong><\/td>\n<td width=\"457\">1. \u2013O zdrowie i b\u0142og Bo\u017ce dla ks. Proboszcza w dniu imienin<\/p>\n<p>2.\u2013O zdrowie i b\u0142og. Bo\u017ce dla ks. Proboszcza of. siostry felicjanki<\/td>\n<\/tr>\n<tr>\n<td rowspan=\"4\" width=\"166\"><strong>Niedziela<\/strong><\/p>\n<p><strong>1.12.2024r.<\/strong><\/td>\n<td width=\"71\"><strong>6.30<\/strong><\/td>\n<td width=\"457\">+J\u00f3zef \/5 r. \u015bm.\/, Kazimier\u0119 Szybka<\/td>\n<\/tr>\n<tr>\n<td width=\"71\"><strong>9.15<\/strong><\/td>\n<td width=\"457\">+Zofia, Bogumi\u0142a, Andrzej Kocha\u0144scy<\/td>\n<\/tr>\n<tr>\n<td width=\"71\"><strong>11.00<\/strong><\/td>\n<td width=\"457\"><strong>Za Parafian<\/strong><\/td>\n<\/tr>\n<tr>\n<td width=\"71\"><strong>16.30<\/strong><\/td>\n<td width=\"457\">+Ksi\u0105dz Stanis\u0142aw Bartmi\u0144ski of. przyjaciele z Beska<\/td>\n<\/tr>\n<\/tbody>\n<\/table>\n","protected":false},"excerpt":{"rendered":"<p>Poniedzia\u0142ek 25.11.2024r. &nbsp; 7.00 +Jerzy Szajna of. brat Robert 17.00 1. +J\u00f3zef Kwiatkowski of. c\u00f3rka Agnieszka z rodzin\u0105 2. +Ryszard, Eugeniusz, W\u0142adys\u0142aw Kowal Wtorek 26.11.2024r. &nbsp; 7.00 +Henryk Kiero\u0144ski of. r\u00f3\u017ca \u015bw. Anny 17.00 1. +J\u00f3zef Micha\u0142kiewicz of. rodzina Matuszek 2. +Boles\u0142aw Szybka of. c\u00f3rka Ma\u0142gorzata \u015aroda 27.11.2024r. 7.00 +Henryk<span class=\"more-link\"><a href=\"https:\/\/parafiabesko.pl\/?p=10797\">Czytaj wi\u0119cej<\/a><\/span><\/p>\n","protected":false},"author":1,"featured_media":0,"comment_status":"closed","ping_status":"open","sticky":false,"template":"","format":"standard","meta":{"footnotes":""},"categories":[4],"tags":[],"class_list":["entry","author-adminparafiibesko","post-10797","post","type-post","status-publish","format-standard","category-intencje-mszalne"],"_links":{"self":[{"href":"https:\/\/parafiabesko.pl\/index.php?rest_route=\/wp\/v2\/posts\/10797","targetHints":{"allow":["GET"]}}],"collection":[{"href":"https:\/\/parafiabesko.pl\/index.php?rest_route=\/wp\/v2\/posts"}],"about":[{"href":"https:\/\/parafiabesko.pl\/index.php?rest_route=\/wp\/v2\/types\/post"}],"author":[{"embeddable":true,"href":"https:\/\/parafiabesko.pl\/index.php?rest_route=\/wp\/v2\/users\/1"}],"replies":[{"embeddable":true,"href":"https:\/\/parafiabesko.pl\/index.php?rest_route=%2Fwp%2Fv2%2Fcomments&post=10797"}],"version-history":[{"count":0,"href":"https:\/\/parafiabesko.pl\/index.php?rest_route=\/wp\/v2\/posts\/10797\/revisions"}],"wp:attachment":[{"href":"https:\/\/parafiabesko.pl\/index.php?rest_route=%2Fwp%2Fv2%2Fmedia&parent=10797"}],"wp:term":[{"taxonomy":"category","embeddable":true,"href":"https:\/\/parafiabesko.pl\/index.php?rest_route=%2Fwp%2Fv2%2Fcategories&post=10797"},{"taxonomy":"post_tag","embeddable":true,"href":"https:\/\/parafiabesko.pl\/index.php?rest_route=%2Fwp%2Fv2%2Ftags&post=10797"}],"curies":[{"name":"wp","href":"https:\/\/api.w.org\/{rel}","templated":true}]}}