{"id":10794,"date":"2024-11-16T18:24:14","date_gmt":"2024-11-16T18:24:14","guid":{"rendered":"https:\/\/parafiabesko.pl\/?p=10794"},"modified":"2024-11-16T18:24:14","modified_gmt":"2024-11-16T18:24:14","slug":"ogloszenia-parafialne-33-niedziela-zwykla-17-11-2024r","status":"publish","type":"post","link":"https:\/\/parafiabesko.pl\/?p=10794","title":{"rendered":"Og\u0142oszenia parafialne 33 Niedziela zwyk\u0142a 17.11.2024r."},"content":{"rendered":"<h3>Nabo\u017ce\u0144stwo wypominkowe codziennie po Mszy \u015bw. wieczorowej.<\/h3>\n<h3>Od pi\u0105tku trwa Nowenna przed Uroczysto\u015bci\u0105 Chrystusa Kr\u00f3la.<\/h3>\n<h3>Za tydzie\u0144 Uroczysto\u015b\u0107 Chrystusa Kr\u00f3la \u2013 ostatnia niedziela roku liturgicznego. W kaplicy si\u00f3str felicjanek od godziny 8.00 do 15.00 adoracja Naj\u015bwi\u0119tszego Sakramentu. Siostry zapraszaj\u0105 na wsp\u00f3ln\u0105 modlitw\u0119.<\/h3>\n<h3>Taca z dzisiejszej niedzieli przeznaczona na pomoc dla ksi\u0119\u017cy emeryt\u00f3w oraz dla domu Ksi\u0119\u017cy Emeryt\u00f3w \u2013 EMAUS.<\/h3>\n<h3>Dzisiaj po wieczorowej Mszy \u015bw. spotkanie Akcji Katolickiej.<\/h3>\n<h3>W przysz\u0142\u0105 niedziel\u0119 po Mszach \u015bw. zbi\u00f3rka do puszki na wparcie Towarzystwa pomocy dzieciom chorym na raka.<\/h3>\n","protected":false},"excerpt":{"rendered":"<p>Nabo\u017ce\u0144stwo wypominkowe codziennie po Mszy \u015bw. wieczorowej. Od pi\u0105tku trwa Nowenna przed Uroczysto\u015bci\u0105 Chrystusa Kr\u00f3la. Za tydzie\u0144 Uroczysto\u015b\u0107 Chrystusa Kr\u00f3la \u2013 ostatnia niedziela roku liturgicznego. W kaplicy si\u00f3str felicjanek od godziny 8.00 do 15.00 adoracja Naj\u015bwi\u0119tszego Sakramentu. Siostry zapraszaj\u0105 na wsp\u00f3ln\u0105 modlitw\u0119. Taca z dzisiejszej niedzieli przeznaczona na pomoc dla<span class=\"more-link\"><a href=\"https:\/\/parafiabesko.pl\/?p=10794\">Czytaj wi\u0119cej<\/a><\/span><\/p>\n","protected":false},"author":1,"featured_media":0,"comment_status":"closed","ping_status":"open","sticky":false,"template":"","format":"standard","meta":{"footnotes":""},"categories":[7],"tags":[],"class_list":["entry","author-adminparafiibesko","post-10794","post","type-post","status-publish","format-standard","category-ogloszenia-parafialne"],"_links":{"self":[{"href":"https:\/\/parafiabesko.pl\/index.php?rest_route=\/wp\/v2\/posts\/10794","targetHints":{"allow":["GET"]}}],"collection":[{"href":"https:\/\/parafiabesko.pl\/index.php?rest_route=\/wp\/v2\/posts"}],"about":[{"href":"https:\/\/parafiabesko.pl\/index.php?rest_route=\/wp\/v2\/types\/post"}],"author":[{"embeddable":true,"href":"https:\/\/parafiabesko.pl\/index.php?rest_route=\/wp\/v2\/users\/1"}],"replies":[{"embeddable":true,"href":"https:\/\/parafiabesko.pl\/index.php?rest_route=%2Fwp%2Fv2%2Fcomments&post=10794"}],"version-history":[{"count":0,"href":"https:\/\/parafiabesko.pl\/index.php?rest_route=\/wp\/v2\/posts\/10794\/revisions"}],"wp:attachment":[{"href":"https:\/\/parafiabesko.pl\/index.php?rest_route=%2Fwp%2Fv2%2Fmedia&parent=10794"}],"wp:term":[{"taxonomy":"category","embeddable":true,"href":"https:\/\/parafiabesko.pl\/index.php?rest_route=%2Fwp%2Fv2%2Fcategories&post=10794"},{"taxonomy":"post_tag","embeddable":true,"href":"https:\/\/parafiabesko.pl\/index.php?rest_route=%2Fwp%2Fv2%2Ftags&post=10794"}],"curies":[{"name":"wp","href":"https:\/\/api.w.org\/{rel}","templated":true}]}}