{"id":10792,"date":"2024-11-16T18:21:23","date_gmt":"2024-11-16T18:21:23","guid":{"rendered":"https:\/\/parafiabesko.pl\/?p=10792"},"modified":"2024-11-16T18:21:23","modified_gmt":"2024-11-16T18:21:23","slug":"intencje-mszalne-18-24-11-2024r","status":"publish","type":"post","link":"https:\/\/parafiabesko.pl\/?p=10792","title":{"rendered":"Intencje mszalne 18-24.11.2024r."},"content":{"rendered":"<table>\n<tbody>\n<tr>\n<td rowspan=\"2\" width=\"166\"><strong>Poniedzia\u0142ek<\/strong><\/p>\n<p><strong>18.11.2024r.<\/strong><\/p>\n<p>&nbsp;<\/td>\n<td width=\"71\"><strong>7.00<\/strong><\/td>\n<td width=\"457\">+J\u00f3zef Kwiatkowski of. c\u00f3rka Barbara<\/td>\n<\/tr>\n<tr>\n<td width=\"71\"><strong>17.00<\/strong><\/td>\n<td width=\"457\">1. +Jerzy Wais<\/p>\n<p>2. +Anna, J\u00f3zef\u0119 W\u0142adys\u0142aw\u0119, J\u00f3zef i Roman<\/td>\n<\/tr>\n<tr>\n<td rowspan=\"2\" width=\"166\"><strong>Wtorek<\/strong><\/p>\n<p><strong>19.11.2024r.<\/strong><\/p>\n<p>&nbsp;<\/td>\n<td width=\"71\"><strong>7.00<\/strong><\/td>\n<td width=\"457\">+J\u00f3zef Kwiatkowski of. syn Andrzej z rodzin\u0105<\/td>\n<\/tr>\n<tr>\n<td width=\"71\"><strong>17.00<\/strong><\/td>\n<td width=\"457\">1. +Daria \/10 r. \u015bm.\/, Piotr Pi\u0119ta<\/p>\n<p>2. +J\u00f3zef Micha\u0142kowicz of. rodz. Matuszek<\/td>\n<\/tr>\n<tr>\n<td rowspan=\"2\" width=\"166\"><strong>\u015aroda<\/strong><\/p>\n<p><strong>20.11.2024r.<\/strong><\/td>\n<td width=\"71\"><strong>7.00<\/strong><\/td>\n<td width=\"457\">+Jerzy Szajna of. \u017cona i synowie Janusz, Mi\u0142osz, Ireneusz<\/td>\n<\/tr>\n<tr>\n<td width=\"71\"><strong>17.00<\/strong><\/td>\n<td width=\"457\">1. +Stanis\u0142aw\u0119 Szweda of. kuzynki Zofia, Barbara<\/p>\n<p>2. +J\u00f3zef\u00a0 Kwiatkowski of. koledzy syna Andrzeja z pracy<\/td>\n<\/tr>\n<tr>\n<td rowspan=\"2\" width=\"166\"><strong>Czwartek<\/strong><\/p>\n<p><strong>21.11.2024r.<\/strong><\/p>\n<p>&nbsp;<\/td>\n<td width=\"71\"><strong>7.00<\/strong><\/td>\n<td width=\"457\">+Henryk Kiero\u0144ski of. syn Robert z rodzin\u0105<\/td>\n<\/tr>\n<tr>\n<td width=\"71\"><strong>17.00<\/strong><\/td>\n<td width=\"457\">1. Maria \/1 r. \u015bm.\/<\/p>\n<p>2. +Boles\u0142aw Szybka of. \u017cona<\/td>\n<\/tr>\n<tr>\n<td rowspan=\"2\" width=\"166\"><strong>Pi\u0105tek<\/strong><\/p>\n<p><strong>22.11.2024r.<\/strong><\/p>\n<p>&nbsp;<\/td>\n<td width=\"71\"><strong>7.00<\/strong><\/td>\n<td width=\"457\">+Stanis\u0142aw \u015aliwa of. syn<\/td>\n<\/tr>\n<tr>\n<td width=\"71\"><strong>17.00<\/strong><\/td>\n<td width=\"457\">1. +Andrzej Strachocki \/6 r. \u015bm.\/<\/p>\n<p>2. +Boles\u0142aw Szybka of. c\u00f3rka Jolanta z rodzin\u0105<\/td>\n<\/tr>\n<tr>\n<td rowspan=\"2\" width=\"166\"><strong>Sobota<\/strong><\/p>\n<p><strong>23.11.2024r.<\/strong><\/p>\n<p>&nbsp;<\/td>\n<td width=\"71\"><strong>7.00<\/strong><\/td>\n<td width=\"457\">+Henryk Kiero\u0144ski of. syn \u0141ukasz z rodzin\u0105<\/td>\n<\/tr>\n<tr>\n<td width=\"71\"><strong>17.00<\/strong><\/td>\n<td width=\"457\">1. +Stanis\u0142aw Mermer \/29 r. \u015bm.\/<\/p>\n<p>2. +J\u00f3zef Ja\u015blar<\/td>\n<\/tr>\n<tr>\n<td rowspan=\"4\" width=\"166\"><strong>Niedziela<\/strong><\/p>\n<p><strong>24.11.2024r.<\/strong><\/p>\n<p>&nbsp;<\/td>\n<td width=\"71\"><strong>7.30<\/strong><\/td>\n<td width=\"457\">+Stanis\u0142aw Mroczkowski \/4 r. \u015bm.\/<\/td>\n<\/tr>\n<tr>\n<td width=\"71\"><strong>9.15<\/strong><\/td>\n<td width=\"457\">+Eugeniusz Marchel \/19 r. \u015bm.\/ i zm. rodzice<\/td>\n<\/tr>\n<tr>\n<td width=\"71\"><strong>11.00<\/strong><\/td>\n<td width=\"457\"><strong>Za Parafian<\/strong><\/td>\n<\/tr>\n<tr>\n<td width=\"71\"><strong>16.30<\/strong><\/td>\n<td width=\"457\">+Boles\u0142aw Kijowski \/3 r. \u015bm.\/<\/td>\n<\/tr>\n<\/tbody>\n<\/table>\n","protected":false},"excerpt":{"rendered":"<p>Poniedzia\u0142ek 18.11.2024r. &nbsp; 7.00 +J\u00f3zef Kwiatkowski of. c\u00f3rka Barbara 17.00 1. +Jerzy Wais 2. +Anna, J\u00f3zef\u0119 W\u0142adys\u0142aw\u0119, J\u00f3zef i Roman Wtorek 19.11.2024r. &nbsp; 7.00 +J\u00f3zef Kwiatkowski of. syn Andrzej z rodzin\u0105 17.00 1. +Daria \/10 r. \u015bm.\/, Piotr Pi\u0119ta 2. +J\u00f3zef Micha\u0142kowicz of. rodz. Matuszek \u015aroda 20.11.2024r. 7.00 +Jerzy Szajna<span class=\"more-link\"><a href=\"https:\/\/parafiabesko.pl\/?p=10792\">Czytaj wi\u0119cej<\/a><\/span><\/p>\n","protected":false},"author":1,"featured_media":0,"comment_status":"closed","ping_status":"open","sticky":false,"template":"","format":"standard","meta":{"footnotes":""},"categories":[4],"tags":[],"class_list":["entry","author-adminparafiibesko","post-10792","post","type-post","status-publish","format-standard","category-intencje-mszalne"],"_links":{"self":[{"href":"https:\/\/parafiabesko.pl\/index.php?rest_route=\/wp\/v2\/posts\/10792","targetHints":{"allow":["GET"]}}],"collection":[{"href":"https:\/\/parafiabesko.pl\/index.php?rest_route=\/wp\/v2\/posts"}],"about":[{"href":"https:\/\/parafiabesko.pl\/index.php?rest_route=\/wp\/v2\/types\/post"}],"author":[{"embeddable":true,"href":"https:\/\/parafiabesko.pl\/index.php?rest_route=\/wp\/v2\/users\/1"}],"replies":[{"embeddable":true,"href":"https:\/\/parafiabesko.pl\/index.php?rest_route=%2Fwp%2Fv2%2Fcomments&post=10792"}],"version-history":[{"count":0,"href":"https:\/\/parafiabesko.pl\/index.php?rest_route=\/wp\/v2\/posts\/10792\/revisions"}],"wp:attachment":[{"href":"https:\/\/parafiabesko.pl\/index.php?rest_route=%2Fwp%2Fv2%2Fmedia&parent=10792"}],"wp:term":[{"taxonomy":"category","embeddable":true,"href":"https:\/\/parafiabesko.pl\/index.php?rest_route=%2Fwp%2Fv2%2Fcategories&post=10792"},{"taxonomy":"post_tag","embeddable":true,"href":"https:\/\/parafiabesko.pl\/index.php?rest_route=%2Fwp%2Fv2%2Ftags&post=10792"}],"curies":[{"name":"wp","href":"https:\/\/api.w.org\/{rel}","templated":true}]}}