{"id":10790,"date":"2024-11-09T18:28:31","date_gmt":"2024-11-09T18:28:31","guid":{"rendered":"https:\/\/parafiabesko.pl\/?p=10790"},"modified":"2024-11-09T18:28:31","modified_gmt":"2024-11-09T18:28:31","slug":"ogloszenia-parafialne-32-niedziela-zwykla-10-11-2024r","status":"publish","type":"post","link":"https:\/\/parafiabesko.pl\/?p=10790","title":{"rendered":"Og\u0142oszenia parafialne 32 Niedziela zwyk\u0142a 10.11.2024r."},"content":{"rendered":"<h3><strong>Jutro 11 listopada Narodowe \u015awi\u0119to Niepodleg\u0142o\u015bci. Dzie\u0144 wdzi\u0119czno\u015bci za wielokrotnie odzyskiwan\u0105 niepodleg\u0142o\u015b\u0107. Zapraszamy Parafian na Msz\u0119 \u015bwi\u0119t\u0105 w Besku o godzinie 10.00 a po niej apel poleg\u0142ych i z\u0142o\u017cenie wie\u0144c\u00f3w na cmentarzu parafialnym w Besku, przy obelisku upami\u0119tniaj\u0105cym poleg\u0142ych \u017co\u0142nierzy pierwszej i drugiej wojny \u015bwiatowej.<\/strong><\/h3>\n<h3>We wtorek 12 listopada Mszy \u015bw. wieczorowej nie b\u0119dzie ze wzgl\u0119du na kap\u0142a\u0144sk\u0105 kongregacj\u0119 rejonow\u0105 w Sanoku.<\/h3>\n<h3>Nabo\u017ce\u0144stwo wypominkowe codziennie po Mszy \u015bw. wieczorowej.<\/h3>\n<h3>W pi\u0105tek rozpoczyna si\u0119 Nowenna przed Uroczysto\u015bci\u0105 Chrystusa Kr\u00f3la.<\/h3>\n<h3>Dzi\u0119kujemy Marcinowi Semenowiczowi za wyremontowanie i odrestaurowanie drewnianego pokrowca na monstrancj\u0119. B\u00f3g zap\u0142a\u0107!<\/h3>\n","protected":false},"excerpt":{"rendered":"<p>Jutro 11 listopada Narodowe \u015awi\u0119to Niepodleg\u0142o\u015bci. Dzie\u0144 wdzi\u0119czno\u015bci za wielokrotnie odzyskiwan\u0105 niepodleg\u0142o\u015b\u0107. Zapraszamy Parafian na Msz\u0119 \u015bwi\u0119t\u0105 w Besku o godzinie 10.00 a po niej apel poleg\u0142ych i z\u0142o\u017cenie wie\u0144c\u00f3w na cmentarzu parafialnym w Besku, przy obelisku upami\u0119tniaj\u0105cym poleg\u0142ych \u017co\u0142nierzy pierwszej i drugiej wojny \u015bwiatowej. We wtorek 12 listopada Mszy<span class=\"more-link\"><a href=\"https:\/\/parafiabesko.pl\/?p=10790\">Czytaj wi\u0119cej<\/a><\/span><\/p>\n","protected":false},"author":1,"featured_media":0,"comment_status":"closed","ping_status":"open","sticky":false,"template":"","format":"standard","meta":{"footnotes":""},"categories":[7],"tags":[],"class_list":["entry","author-adminparafiibesko","post-10790","post","type-post","status-publish","format-standard","category-ogloszenia-parafialne"],"_links":{"self":[{"href":"https:\/\/parafiabesko.pl\/index.php?rest_route=\/wp\/v2\/posts\/10790","targetHints":{"allow":["GET"]}}],"collection":[{"href":"https:\/\/parafiabesko.pl\/index.php?rest_route=\/wp\/v2\/posts"}],"about":[{"href":"https:\/\/parafiabesko.pl\/index.php?rest_route=\/wp\/v2\/types\/post"}],"author":[{"embeddable":true,"href":"https:\/\/parafiabesko.pl\/index.php?rest_route=\/wp\/v2\/users\/1"}],"replies":[{"embeddable":true,"href":"https:\/\/parafiabesko.pl\/index.php?rest_route=%2Fwp%2Fv2%2Fcomments&post=10790"}],"version-history":[{"count":0,"href":"https:\/\/parafiabesko.pl\/index.php?rest_route=\/wp\/v2\/posts\/10790\/revisions"}],"wp:attachment":[{"href":"https:\/\/parafiabesko.pl\/index.php?rest_route=%2Fwp%2Fv2%2Fmedia&parent=10790"}],"wp:term":[{"taxonomy":"category","embeddable":true,"href":"https:\/\/parafiabesko.pl\/index.php?rest_route=%2Fwp%2Fv2%2Fcategories&post=10790"},{"taxonomy":"post_tag","embeddable":true,"href":"https:\/\/parafiabesko.pl\/index.php?rest_route=%2Fwp%2Fv2%2Ftags&post=10790"}],"curies":[{"name":"wp","href":"https:\/\/api.w.org\/{rel}","templated":true}]}}